{"id":196,"date":"2018-08-20T20:27:03","date_gmt":"2018-08-20T20:27:03","guid":{"rendered":"https:\/\/cespad.org.hn\/mujeres\/?p=196"},"modified":"2026-03-16T20:28:58","modified_gmt":"2026-03-16T20:28:58","slug":"felicita-lopez-la-lideresa-lenca-que-lucha-contra-la-persecucion-y-amenazas","status":"publish","type":"post","link":"https:\/\/cespad.org.hn\/mujeres\/felicita-lopez-la-lideresa-lenca-que-lucha-contra-la-persecucion-y-amenazas\/","title":{"rendered":"Felicita L\u00f3pez: la lideresa Lenca que lucha contra la persecuci\u00f3n y amenazas"},"content":{"rendered":"<p>Mar\u00eda Fel\u00edcita L\u00f3pez es la coordinadora de las mujeres del Movimiento Ind\u00edgena Lenca de La Paz (Milpah). Es originaria del municipio de Santa Elena, departamento de La Paz y desde all\u00ed libra la batalla m\u00e1s dura de su vida: defender el patrimonio de su comunidad, de los intereses de la empresa hidroel\u00e9ctrica, propiedad de una mujer poderosa del Congreso Nacional de Honduras.<\/p>\n<figure id=\"attachment_1443\" class=\"wp-caption alignright\" aria-describedby=\"caption-attachment-1443\"><img decoding=\"async\" class=\"wp-image-1443 td-animation-stack-type0-1\" src=\"http:\/\/cespad.org.hn\/wp-content\/uploads\/2018\/08\/WhatsApp-Image-2018-08-20-at-9.26.53-AM-300x199.jpeg\" sizes=\"(max-width: 267px) 100vw, 267px\" srcset=\"https:\/\/v1.cespad.org.hn\/wp-content\/uploads\/2018\/08\/WhatsApp-Image-2018-08-20-at-9.26.53-AM-300x199.jpeg 300w, https:\/\/v1.cespad.org.hn\/wp-content\/uploads\/2018\/08\/WhatsApp-Image-2018-08-20-at-9.26.53-AM-768x509.jpeg 768w, https:\/\/v1.cespad.org.hn\/wp-content\/uploads\/2018\/08\/WhatsApp-Image-2018-08-20-at-9.26.53-AM-1024x679.jpeg 1024w, https:\/\/v1.cespad.org.hn\/wp-content\/uploads\/2018\/08\/WhatsApp-Image-2018-08-20-at-9.26.53-AM-696x462.jpeg 696w, https:\/\/v1.cespad.org.hn\/wp-content\/uploads\/2018\/08\/WhatsApp-Image-2018-08-20-at-9.26.53-AM-1068x708.jpeg 1068w, https:\/\/v1.cespad.org.hn\/wp-content\/uploads\/2018\/08\/WhatsApp-Image-2018-08-20-at-9.26.53-AM-633x420.jpeg 633w, https:\/\/v1.cespad.org.hn\/wp-content\/uploads\/2018\/08\/WhatsApp-Image-2018-08-20-at-9.26.53-AM.jpeg 1158w\" alt=\"\" width=\"267\" height=\"177\" \/><figcaption id=\"caption-attachment-1443\" class=\"wp-caption-text\">Santa Elena, La Paz.<br \/>\nFoto obtenida de: www.nonosolvidamosdeHonduras.com<\/figcaption><\/figure>\n<p>Palo Blanco se llama la aldea de Santa Elena en donde Mar\u00eda Fel\u00edcita se cri\u00f3, rodeada de \u00e1rboles que dibujan exuberantes bosques, r\u00edos y riachuelos que ahora defiende. Desde all\u00ed lucha contra la instalaci\u00f3n de la Hidroel\u00e9ctrica \u201cEncinos\u201d, propiedad de Gladys Aurora L\u00f3pez, diputada del Congreso Nacional y Arnold Castro, su esposo.<\/p>\n<p>De acuerdo con la informaci\u00f3n de las y los l\u00edderes de Milpah, el estudio para la instalaci\u00f3n de la Hidroel\u00e9ctrica comenz\u00f3 en el a\u00f1o 2011. En los subsiguientes a\u00f1os, las aldeas y caser\u00edos de la zona se organizaron y gracias al trabajo activo de las comunidades y de Milpah se evit\u00f3 que, de forma arbitraria e inconsulta, se instalara una represa.<\/p>\n<p>Fue por iniciativa propia que las comunidades decidieron hacer una consulta libre, previa e informada, pero sin la firma del alcalde de la zona. La decisi\u00f3n fue contundente: las comunidades se niegan a permitir que se instale una hidroel\u00e9ctrica que afectar\u00e1 al r\u00edo Togola y principalmente al Chinacla, ambos, abastecedores de agua de la zona, porque es de donde las y los campesinos toman agua para la siembra de sus cultivos.<\/p>\n<p>La instalaci\u00f3n de la hidroel\u00e9ctrica tambi\u00e9n afectar\u00e1, como ha pasado en otras experiencias, en otras partes del pa\u00eds, la libertad que tienen las ind\u00edgenas de la zona de acudir a los r\u00edos para utilizar el agua en sus labores dom\u00e9sticas.<\/p>\n<p>CESPAD convers\u00f3 con Mar\u00eda Fel\u00edcita L\u00f3pez, la lideresa ind\u00edgena que ha sido perseguida, criminalizada y amenazada su familia por oponerse a las operaciones de la empresa hidroel\u00e9ctrica Encinos. A Felicita le ha tocado asumir el rol de padre y madre, pues en la lucha criminalizaron a su esposo, a quien no le quedo m\u00e1s que salir del pa\u00eds e irse a trabajar a El Salvador para conseguir el sustento de su familia.<\/p>\n<p>Felicita no desmaya, saca fuerzas y asegura que pese a las amenazas y persecuci\u00f3n, sigue en pie de lucha.<\/p>\n<p><strong>Desde que acusaron a su esposo, \u00bfc\u00f3mo sobrevive en Santa Elena, tras las amenazas y persecuci\u00f3n contra la comunidad ind\u00edgena?<\/strong><\/p>\n<p>La criminalizaci\u00f3n sigue. Mi esposo no puede trabajar en Honduras y sali\u00f3 hacia El Salvador porque por la hidroel\u00e9ctrica, los procesaron. No ha podido arreglar el problema; todos est\u00e1n indefensos sin abogado. A m\u00ed me toc\u00f3 estar en una casa refugio. Emprend\u00ed desde entonces el rol de pap\u00e1 y mam\u00e1 y he seguido adelante. Me estoy formando, estoy luchando por los derechos de mi pueblo, por los de las mujeres. Estoy trabajando en las comunidades, estamos con asesor\u00eda para ellos y para las mujeres. Cada d\u00eda es una nueva lucha; hay momentos en que las cosas se ponen agresivas en Santa Elena.<\/p>\n<p>Llegaron incluso a querer formar Consejos Ind\u00edgenas paralelos para debilitarnos, pero investigamos quien era la persona que andaba en eso y se le puso un alto. Ha sido una lucha bien fuerte, aqu\u00ed no damos permiso a ninguna empresa porque no queremos un da\u00f1o para las comunidades ind\u00edgenas, estamos protegiendo nuestros territorios.<\/p>\n<p><strong>\u00bfC\u00f3mo est\u00e1 apoyando a las mujeres?<\/strong><\/p>\n<p><img fetchpriority=\"high\" decoding=\"async\" class=\"size-medium wp-image-1442 alignleft td-animation-stack-type0-1\" src=\"http:\/\/cespad.org.hn\/wp-content\/uploads\/2018\/08\/WhatsApp-Image-2018-08-20-at-9.14.46-AM-1-300x183.jpeg\" sizes=\"(max-width: 300px) 100vw, 300px\" srcset=\"https:\/\/v1.cespad.org.hn\/wp-content\/uploads\/2018\/08\/WhatsApp-Image-2018-08-20-at-9.14.46-AM-1-300x183.jpeg 300w, https:\/\/v1.cespad.org.hn\/wp-content\/uploads\/2018\/08\/WhatsApp-Image-2018-08-20-at-9.14.46-AM-1.jpeg 594w\" alt=\"\" width=\"300\" height=\"183\" \/>Muchas compa\u00f1eras me piden que las organice y fortalezca, pero me cuesta. No hay fondos para apoyarlas y para el acompa\u00f1amiento no tengo presupuesto, solo tengo voluntad. Como puedo estoy acompa\u00f1\u00e1ndolas cuando me llaman. Viajo para dar seguimiento a los casos de las compa\u00f1eras. Tenemos ahora un grave problema, el alcalde en Santa Elena est\u00e1 multando a las mujeres con mil y quinientos lempiras si no van a un centro de salud, adem\u00e1s de que no ser\u00e1n inscritas en el Registro y que no tienen ning\u00fan derecho a recibir proyectos para ellas.<\/p>\n<p>Por eso las acompa\u00f1o, denunciando las injusticias y esa es mi labor. Estoy transmiti\u00e9ndoles a ellas que como mujeres debemos tambi\u00e9n luchar por nuestros pueblos.<\/p>\n<p><strong>\u00bfC\u00f3mo se define Felicita L\u00f3pez?<\/strong><\/p>\n<p>Me declaro como una mujer ind\u00edgena feminista, que busca justicia social. Tengo medidas cautelares por las batallas que libro a favor de mi pueblo, pero no pido ayuda a la Polic\u00eda porque no les tenemos confianza. Y sigo aprendiendo, me sigo formando, participando para abrir espacios para mi pueblo. Me estoy preparando porque no quiero dejar de luchar; las injusticias nos hacen sacar fuerzas para seguir y mi pueblo no merece la suerte que pierda lo m\u00e1s valioso que tenemos, sus recursos, sus costumbres, sus ideales.<\/p>\n<p><strong>\u00bfSigue el ejemplo de Berta C\u00e1ceres como portavoz de lucha de Los lencas?<\/strong><\/p>\n<p>Muchos me comparan con la fuerza y ejemplo que Berta C\u00e1ceres nos dej\u00f3. Cuando me comparan con ella me siento feliz porque ella es un ejemplo de la mujer que empoder\u00f3 a las comunidades, a las mujeres, al pueblo ind\u00edgena lenca. Pero me falta mucho para ser como ella, lo que s\u00ed s\u00e9 es que estoy comprometida, entregada por mi familia y mi pueblo. No ha sido f\u00e1cil para las mujeres ind\u00edgenas despegarse del machismo, pero estamos abriendo el espacio, para figurar en la comunidad, en la sociedad y por ende en los proyectos. En el Gobierno, a veces nos toman en cuenta, en otras ocasiones no, pero el compromiso es con nuestra gente y no vamos a desmayar.<\/p>\n<p>Cada d\u00eda para Felicita es una nueva oportunidad. No se trata s\u00f3lo del apoyo y del ejemplo que pueda legar las mujeres que la ven como la l\u00edder ind\u00edgena en La Paz. Se trata de inculcar en sus hijos el ejemplo de lucha y, en esa \u00e1rea, Felicita cree que est\u00e1 haciendo bien la tarea: sembrar el esp\u00edritu de lucha en los suyos para cuidar sus recursos naturales.<\/p>\n","protected":false},"excerpt":{"rendered":"<p>Mar\u00eda Fel\u00edcita L\u00f3pez es la coordinadora de las mujeres del Movimiento Ind\u00edgena Lenca de La Paz (Milpah). Es originaria del municipio de Santa Elena, departamento de La Paz y desde all\u00ed libra la batalla m\u00e1s dura de su vida: defender el patrimonio de su comunidad, de los intereses de la empresa hidroel\u00e9ctrica, propiedad de una mujer poderosa del Congreso Nacional de Honduras. Santa Elena, La Paz. Foto obtenida de: www.nonosolvidamosdeHonduras.com Palo Blanco se llama la aldea de Santa Elena en donde Mar\u00eda Fel\u00edcita se cri\u00f3, rodeada de \u00e1rboles que dibujan exuberantes bosques, r\u00edos y riachuelos que ahora defiende. Desde all\u00ed lucha contra la instalaci\u00f3n de la Hidroel\u00e9ctrica \u201cEncinos\u201d, propiedad de Gladys Aurora L\u00f3pez, diputada del Congreso Nacional y Arnold Castro, su esposo. De acuerdo con la informaci\u00f3n de las y los l\u00edderes de Milpah, el estudio para la instalaci\u00f3n de la Hidroel\u00e9ctrica comenz\u00f3 en el a\u00f1o 2011. En los subsiguientes a\u00f1os, las aldeas y caser\u00edos de la zona se organizaron y gracias al trabajo activo de las comunidades y de Milpah se evit\u00f3 que, de forma arbitraria e inconsulta, se instalara una represa. Fue por iniciativa propia que las comunidades decidieron hacer una consulta libre, previa e informada, pero sin la firma del alcalde de la zona. La decisi\u00f3n fue contundente: las comunidades se niegan a permitir que se instale una hidroel\u00e9ctrica que afectar\u00e1 al r\u00edo Togola y principalmente al Chinacla, ambos, abastecedores de agua de la zona, porque es de donde las y los campesinos toman agua para la siembra de sus cultivos. La instalaci\u00f3n de la hidroel\u00e9ctrica tambi\u00e9n afectar\u00e1, como ha pasado en otras experiencias, en otras partes del pa\u00eds, la libertad que tienen las ind\u00edgenas de la zona de acudir a los r\u00edos para utilizar el agua en sus labores dom\u00e9sticas. CESPAD convers\u00f3 con Mar\u00eda Fel\u00edcita L\u00f3pez, la lideresa ind\u00edgena que ha sido perseguida, criminalizada y amenazada su familia por oponerse a las operaciones de la empresa hidroel\u00e9ctrica Encinos. A Felicita le ha tocado asumir el rol de padre y madre, pues en la lucha criminalizaron a su esposo, a quien no le quedo m\u00e1s que salir del pa\u00eds e irse a trabajar a El Salvador para conseguir el sustento de su familia. Felicita no desmaya, saca fuerzas y asegura que pese a las amenazas y persecuci\u00f3n, sigue en pie de lucha. Desde que acusaron a su esposo, \u00bfc\u00f3mo sobrevive en Santa Elena, tras las amenazas y persecuci\u00f3n contra la comunidad ind\u00edgena? La criminalizaci\u00f3n sigue. Mi esposo no puede trabajar en Honduras y sali\u00f3 hacia El Salvador porque por la hidroel\u00e9ctrica, los procesaron. No ha podido arreglar el problema; todos est\u00e1n indefensos sin abogado. A m\u00ed me toc\u00f3 estar en una casa refugio. Emprend\u00ed desde entonces el rol de pap\u00e1 y mam\u00e1 y he seguido adelante. Me estoy formando, estoy luchando por los derechos de mi pueblo, por los de las mujeres. Estoy trabajando en las comunidades, estamos con asesor\u00eda para ellos y para las mujeres. Cada d\u00eda es una nueva lucha; hay momentos en que las cosas se ponen agresivas en Santa Elena. Llegaron incluso a querer formar Consejos Ind\u00edgenas paralelos para debilitarnos, pero investigamos quien era la persona que andaba en eso y se le puso un alto. Ha sido una lucha bien fuerte, aqu\u00ed no damos permiso a ninguna empresa porque no queremos un da\u00f1o para las comunidades ind\u00edgenas, estamos protegiendo nuestros territorios. \u00bfC\u00f3mo est\u00e1 apoyando a las mujeres? Muchas compa\u00f1eras me piden que las organice y fortalezca, pero me cuesta. No hay fondos para apoyarlas y para el acompa\u00f1amiento no tengo presupuesto, solo tengo voluntad. Como puedo estoy acompa\u00f1\u00e1ndolas cuando me llaman. Viajo para dar seguimiento a los casos de las compa\u00f1eras. Tenemos ahora un grave problema, el alcalde en Santa Elena est\u00e1 multando a las mujeres con mil y quinientos lempiras si no van a un centro de salud, adem\u00e1s de que no ser\u00e1n inscritas en el Registro y que no tienen ning\u00fan derecho a recibir proyectos para ellas. Por eso las acompa\u00f1o, denunciando las injusticias y esa es mi labor. Estoy transmiti\u00e9ndoles a ellas que como mujeres debemos tambi\u00e9n luchar por nuestros pueblos. \u00bfC\u00f3mo se define Felicita L\u00f3pez? Me declaro como una mujer ind\u00edgena feminista, que busca justicia social. Tengo medidas cautelares por las batallas que libro a favor de mi pueblo, pero no pido ayuda a la Polic\u00eda porque no les tenemos confianza. Y sigo aprendiendo, me sigo formando, participando para abrir espacios para mi pueblo. Me estoy preparando porque no quiero dejar de luchar; las injusticias nos hacen sacar fuerzas para seguir y mi pueblo no merece la suerte que pierda lo m\u00e1s valioso que tenemos, sus recursos, sus costumbres, sus ideales. \u00bfSigue el ejemplo de Berta C\u00e1ceres como portavoz de lucha de Los lencas? Muchos me comparan con la fuerza y ejemplo que Berta C\u00e1ceres nos dej\u00f3. Cuando me comparan con ella me siento feliz porque ella es un ejemplo de la mujer que empoder\u00f3 a las comunidades, a las mujeres, al pueblo ind\u00edgena lenca. Pero me falta mucho para ser como ella, lo que s\u00ed s\u00e9 es que estoy comprometida, entregada por mi familia y mi pueblo. No ha sido f\u00e1cil para las mujeres ind\u00edgenas despegarse del machismo, pero estamos abriendo el espacio, para figurar en la comunidad, en la sociedad y por ende en los proyectos. En el Gobierno, a veces nos toman en cuenta, en otras ocasiones no, pero el compromiso es con nuestra gente y no vamos a desmayar. Cada d\u00eda para Felicita es una nueva oportunidad. No se trata s\u00f3lo del apoyo y del ejemplo que pueda legar las mujeres que la ven como la l\u00edder ind\u00edgena en La Paz. Se trata de inculcar en sus hijos el ejemplo de lucha y, en esa \u00e1rea, Felicita cree que est\u00e1 haciendo bien la tarea: sembrar el esp\u00edritu de lucha en los suyos para cuidar sus recursos naturales.<\/p>\n","protected":false},"author":1,"featured_media":199,"comment_status":"open","ping_status":"open","sticky":false,"template":"","format":"standard","meta":{"footnotes":""},"categories":[9],"tags":[],"class_list":["post-196","post","type-post","status-publish","format-standard","has-post-thumbnail","hentry","category-noticias"],"rttpg_featured_image_url":{"full":["https:\/\/cespad.org.hn\/mujeres\/wp-content\/uploads\/2026\/03\/WhatsApp-Image-2018-08-20-at-9.14.46-AM.jpeg",696,522,false],"landscape":["https:\/\/cespad.org.hn\/mujeres\/wp-content\/uploads\/2026\/03\/WhatsApp-Image-2018-08-20-at-9.14.46-AM.jpeg",696,522,false],"portraits":["https:\/\/cespad.org.hn\/mujeres\/wp-content\/uploads\/2026\/03\/WhatsApp-Image-2018-08-20-at-9.14.46-AM.jpeg",696,522,false],"thumbnail":["https:\/\/cespad.org.hn\/mujeres\/wp-content\/uploads\/2026\/03\/WhatsApp-Image-2018-08-20-at-9.14.46-AM-150x150.jpeg",150,150,true],"medium":["https:\/\/cespad.org.hn\/mujeres\/wp-content\/uploads\/2026\/03\/WhatsApp-Image-2018-08-20-at-9.14.46-AM-300x225.jpeg",300,225,true],"large":["https:\/\/cespad.org.hn\/mujeres\/wp-content\/uploads\/2026\/03\/WhatsApp-Image-2018-08-20-at-9.14.46-AM.jpeg",696,522,false],"1536x1536":["https:\/\/cespad.org.hn\/mujeres\/wp-content\/uploads\/2026\/03\/WhatsApp-Image-2018-08-20-at-9.14.46-AM.jpeg",696,522,false],"2048x2048":["https:\/\/cespad.org.hn\/mujeres\/wp-content\/uploads\/2026\/03\/WhatsApp-Image-2018-08-20-at-9.14.46-AM.jpeg",696,522,false],"mailpoet_newsletter_max":["https:\/\/cespad.org.hn\/mujeres\/wp-content\/uploads\/2026\/03\/WhatsApp-Image-2018-08-20-at-9.14.46-AM.jpeg",696,522,false]},"rttpg_author":{"display_name":"MUj2025","author_link":"https:\/\/cespad.org.hn\/mujeres\/author\/muj2025\/"},"rttpg_comment":0,"rttpg_category":"<a href=\"https:\/\/cespad.org.hn\/mujeres\/category\/noticias\/\" rel=\"category tag\">Noticias<\/a>","rttpg_excerpt":"Mar\u00eda Fel\u00edcita L\u00f3pez es la coordinadora de las mujeres del Movimiento Ind\u00edgena Lenca de La Paz (Milpah). Es originaria del municipio de Santa Elena, departamento de La Paz y desde all\u00ed libra la batalla m\u00e1s dura de su vida: defender el patrimonio de su comunidad, de los intereses de la empresa hidroel\u00e9ctrica, propiedad de una&hellip;","_links":{"self":[{"href":"https:\/\/cespad.org.hn\/mujeres\/wp-json\/wp\/v2\/posts\/196","targetHints":{"allow":["GET"]}}],"collection":[{"href":"https:\/\/cespad.org.hn\/mujeres\/wp-json\/wp\/v2\/posts"}],"about":[{"href":"https:\/\/cespad.org.hn\/mujeres\/wp-json\/wp\/v2\/types\/post"}],"author":[{"embeddable":true,"href":"https:\/\/cespad.org.hn\/mujeres\/wp-json\/wp\/v2\/users\/1"}],"replies":[{"embeddable":true,"href":"https:\/\/cespad.org.hn\/mujeres\/wp-json\/wp\/v2\/comments?post=196"}],"version-history":[{"count":1,"href":"https:\/\/cespad.org.hn\/mujeres\/wp-json\/wp\/v2\/posts\/196\/revisions"}],"predecessor-version":[{"id":200,"href":"https:\/\/cespad.org.hn\/mujeres\/wp-json\/wp\/v2\/posts\/196\/revisions\/200"}],"wp:featuredmedia":[{"embeddable":true,"href":"https:\/\/cespad.org.hn\/mujeres\/wp-json\/wp\/v2\/media\/199"}],"wp:attachment":[{"href":"https:\/\/cespad.org.hn\/mujeres\/wp-json\/wp\/v2\/media?parent=196"}],"wp:term":[{"taxonomy":"category","embeddable":true,"href":"https:\/\/cespad.org.hn\/mujeres\/wp-json\/wp\/v2\/categories?post=196"},{"taxonomy":"post_tag","embeddable":true,"href":"https:\/\/cespad.org.hn\/mujeres\/wp-json\/wp\/v2\/tags?post=196"}],"curies":[{"name":"wp","href":"https:\/\/api.w.org\/{rel}","templated":true}]}}