{"id":212,"date":"2017-08-27T20:33:20","date_gmt":"2017-08-27T20:33:20","guid":{"rendered":"https:\/\/cespad.org.hn\/mujeres\/?p=212"},"modified":"2026-03-16T20:36:35","modified_gmt":"2026-03-16T20:36:35","slug":"la-agonia-del-rio-cuyamel-y-las-mujeres-que-quieren-evitar-que-muera","status":"publish","type":"post","link":"https:\/\/cespad.org.hn\/mujeres\/la-agonia-del-rio-cuyamel-y-las-mujeres-que-quieren-evitar-que-muera\/","title":{"rendered":"La agon\u00eda del R\u00edo Cuyamel y las mujeres que quieren evitar que muera"},"content":{"rendered":"<p>Son las 6:00 a.m. cuando empieza su actividad. Karla nos cuenta que en su caminata diaria hacia su trabajo observa algunos camiones que comienzan desde muy temprano a sacar y trasladar piedras, grava, gravilla y arena. Es la lenta agon\u00eda del r\u00edo Cuyamel y esta es la historia de un grupo de pobladores, en su mayor\u00eda mujeres, que luchan para que su r\u00edo no muera.<\/p>\n<p>Cuyamel es una aldea que pertenece al municipio de Omoa, en el departamento de Cort\u00e9s, Honduras. Desde el a\u00f1o 2015, un grupo de hombres, pero sobre todo mujeres decidieron unirse para protagonizar la lucha por la defensa del R\u00edo que lleva el nombre del poblado y que se ubica en el extremo occidental de la costa norte, muy cercana al r\u00edo Motagua, en la frontera entre Honduras y Guatemala.<\/p>\n<p>Es una revoluci\u00f3n ecol\u00f3gica, dice Karla, una de sus defensoras. \u201cMe entristece; esto est\u00e1 pasando desde hace tiempo. El r\u00edo se ha secado. Hace 3 a\u00f1os hubo una mortandad de peces inexplicable, incluso recuerdo que en esa ocasi\u00f3n hasta vinieron los de Mi Ambiente, pero nadie supo que pas\u00f3 y las cosas solo han ido empeorando\u201d, sostuvo esta mujer a quien decidimos cambiarle su nombre, pues en Cuyamel, casi todos los que abanderan esta lucha han sufrido amenazas a su integridad.<\/p>\n<p>En nuestra conversaci\u00f3n, la joven tambi\u00e9n hizo referencia a otro caso reciente de mortandad de animales en la zona: \u201cel a\u00f1o pasado, en las partes de abajo del r\u00edo, donde alguna gente mantienen su ganado, un mont\u00f3n de animales aparecieron muertos por el agua sucia que bebieron. En esa ocasi\u00f3n, hasta se supo en la comunidad que arriba en la monta\u00f1a hab\u00eda un mineral que est\u00e1n queriendo extraer y estaban probando un qu\u00edmico; hasta los perros de los vecinos rio abajo murieron, pero nada de eso se investig\u00f3 por las autoridades\u201d.<\/p>\n<p>MiAmbiente es la Secretar\u00eda de Energ\u00eda, Recursos Naturales,\u00a0Ambiente\u00a0y Minas, encargada de lo concerniente a la formulaci\u00f3n, coordinaci\u00f3n y evaluaci\u00f3n de las pol\u00edticas relacionadas con la protecci\u00f3n y aprovechamiento de los recursos h\u00eddricos, las fuentes nuevas y renovables de energ\u00eda. Sin embargo, aseguran, que no ha tenido un papel protag\u00f3nico en la resoluci\u00f3n de un conflicto que podr\u00eda agudizarse.<\/p>\n<p><strong>La lucha contra la hidroel\u00e9ctrica Cuyamel<\/strong><\/p>\n<p>En el a\u00f1o 2013, el Congreso Nacional de Honduras, con la venia de MiAmbiente, dio en concesi\u00f3n el R\u00edo Cuyamel a la empresa Generadora Cuyamel S.A.\u00a0Esta concesi\u00f3n, como todas las que se han otorgado a las empresas en el territorio nacional, no han contado con la consulta libre, previa e informada que establece el Convenio 169 de la Organizaci\u00f3n Internacional del Trabajo, que debe hacerse a las comunidades que cohabitan con el agua de sus r\u00edos.<\/p>\n<p>Una vez que la comunidad de Cuyamel supo de la concesi\u00f3n, muchos de sus pobladores decidieron organizarse en lo que denominan el Comit\u00e9 Pro-Defensa del R\u00edo Cuyamel, nos relat\u00f3 uno de sus miembros.<\/p>\n<figure id=\"attachment_1451\" class=\"wp-caption aligncenter\" aria-describedby=\"caption-attachment-1451\"><img fetchpriority=\"high\" decoding=\"async\" class=\"wp-image-1451 td-animation-stack-type0-1\" src=\"http:\/\/cespad.org.hn\/wp-content\/uploads\/2018\/08\/CUYAMEL-1-300x225.jpg\" sizes=\"(max-width: 393px) 100vw, 393px\" srcset=\"https:\/\/v1.cespad.org.hn\/wp-content\/uploads\/2018\/08\/CUYAMEL-1-300x225.jpg 300w, https:\/\/v1.cespad.org.hn\/wp-content\/uploads\/2018\/08\/CUYAMEL-1-768x576.jpg 768w, https:\/\/v1.cespad.org.hn\/wp-content\/uploads\/2018\/08\/CUYAMEL-1-80x60.jpg 80w, https:\/\/v1.cespad.org.hn\/wp-content\/uploads\/2018\/08\/CUYAMEL-1-265x198.jpg 265w, https:\/\/v1.cespad.org.hn\/wp-content\/uploads\/2018\/08\/CUYAMEL-1-696x522.jpg 696w, https:\/\/v1.cespad.org.hn\/wp-content\/uploads\/2018\/08\/CUYAMEL-1-560x420.jpg 560w, https:\/\/v1.cespad.org.hn\/wp-content\/uploads\/2018\/08\/CUYAMEL-1.jpg 960w\" alt=\"\" width=\"393\" height=\"295\" \/><figcaption id=\"caption-attachment-1451\" class=\"wp-caption-text\">Foto obtenida de: Comit\u00e9 Pro Defensa del R\u00edo Cuyamel.<\/figcaption><\/figure>\n<p>Agreg\u00f3 que cuando ya estaban organizados, algo cambiar\u00eda y fortalecer\u00eda su visi\u00f3n de la lucha. \u201cEl poblado de Cuyamel recibi\u00f3 una visita que cambiar\u00eda la historia de nuestra lucha por el r\u00edo. La defensora ambiental Berta C\u00e1ceres asesinada el 3 de marzo del a\u00f1o 2016 nos visit\u00f3 y nos dej\u00f3 un semillero de \u201ccuyamelenses\u201d consientes y preocupados por el da\u00f1o ecol\u00f3gico en nuestra comunidad\u201d, relata otro de sus miembros, quien tambi\u00e9n pidi\u00f3 el anonimato por temor a represalias contra \u00e9l y su familia.<\/p>\n<p>Es as\u00ed, que despu\u00e9s de sistem\u00e1ticas acciones de la comunidad, la corporaci\u00f3n municipal de Omoa se comprometi\u00f3 a unirse a la comunidad en la lucha contra la instalaci\u00f3n de la represa.<\/p>\n<p>En las reuniones, entre corporativos e integrantes del Comit\u00e9 Pro Defensa del R\u00edo Cuyamel, se acord\u00f3 el desarrollo de un cabildo abierto para que la comunidad se pronunciase sobre la problem\u00e1tica.\u00a0Sin embargo, \u201cGracias a la burocracia, el cabildo abierto para tocar esta tem\u00e1tica nunca se llev\u00f3 a cabo hasta el sol de hoy\u201d, nos coment\u00f3 una de las integrantes del comit\u00e9.<\/p>\n<p>En abril del 2016, las pobladoras y sus familias organizaron una caminata para denunciar al alcalde del municipio de Omoa, Ricardo Alvarado Escobar, a quien acusaron de mentirle a la comunidad, en relaci\u00f3n con el apoyo en la resoluci\u00f3n del conflicto.<\/p>\n<p>Acordaron en ese entonces, luego de varias jornadas de protestas, que varios representantes del pueblo participar\u00edan en las sesiones de corporaci\u00f3n, donde expondr\u00edan sus demandas.<\/p>\n<p><strong>Comienza persecuci\u00f3n judicial contra las defensoras del R\u00edo<\/strong><\/p>\n<figure id=\"attachment_1452\" class=\"wp-caption alignleft\" aria-describedby=\"caption-attachment-1452\"><img decoding=\"async\" class=\"wp-image-1452 size-medium td-animation-stack-type0-1\" src=\"http:\/\/cespad.org.hn\/wp-content\/uploads\/2018\/08\/CUYAMEL-LUCERO-225x300.jpg\" sizes=\"(max-width: 225px) 100vw, 225px\" srcset=\"https:\/\/v1.cespad.org.hn\/wp-content\/uploads\/2018\/08\/CUYAMEL-LUCERO-225x300.jpg 225w, https:\/\/v1.cespad.org.hn\/wp-content\/uploads\/2018\/08\/CUYAMEL-LUCERO-696x928.jpg 696w, https:\/\/v1.cespad.org.hn\/wp-content\/uploads\/2018\/08\/CUYAMEL-LUCERO-315x420.jpg 315w, https:\/\/v1.cespad.org.hn\/wp-content\/uploads\/2018\/08\/CUYAMEL-LUCERO.jpg 720w\" alt=\"\" width=\"225\" height=\"300\" \/><figcaption id=\"caption-attachment-1452\" class=\"wp-caption-text\">Foto obtenida de: Comit\u00e9 Pro Defensa del R\u00edo Cuyamel.<\/figcaption><\/figure>\n<p>Las y los miembros de la organizaci\u00f3n que en Cuyamel defienden el r\u00edo se han vuelto esquivos para hablar. Y no es para menos, varios han recibido amenazadas verbales y ya comenzaron a trascender al \u00e1mbito legal.<\/p>\n<p>El pasado 2 de agosto del 2018, Lucero Mart\u00ednez, ambientalista y miembro del comit\u00e9 Pro Defensa del R\u00edo Cuyamel fue citada al juzgado de paz por la denuncia hecha por Joseph Borjas, due\u00f1o de la empresa AGRECO S.A., la que actualmente est\u00e1 sustrayendo materiales del r\u00edo.\u00a0Mart\u00ednez public\u00f3 esta informaci\u00f3n en la p\u00e1gina oficial de Facebook del Comit\u00e9, pues Borjas la acus\u00f3 de organizar las protestas por situaciones personales.<\/p>\n<p>D\u00edas despu\u00e9s, la ambientalista se hizo presente a la citaci\u00f3n acompa\u00f1ada por miembros del comit\u00e9, algunos pobladores de Cuyamel, miembros del Equipo de Reflexi\u00f3n, Investigaci\u00f3n y Comunicaci\u00f3n (ERIC), as\u00ed como de miembros del Movimiento Amplio por la Dignidad y la Justicia (MADJ) y algunos medios de comunicaci\u00f3n local.<\/p>\n<p>El comit\u00e9 Pro Defensa del R\u00edo Cuyamel emiti\u00f3 un comunicado en el que establecieron que \u201cqued\u00f3 claro que no es problema personal, ni mucho menos familiar como \u00e9l mencionaba\u201d, refiri\u00e9ndose al se\u00f1or L\u00f3pez. Recalcaron que fue \u201cposiblemente para desvirtuar la noticia; es un problema ambiental con el comit\u00e9 y la comunidad; qued\u00f3 pendiente una reuni\u00f3n entre todas las partes para tratar el tema de cuidado y buen uso del r\u00edo como identidad y patrimonio de la comunidad\u201d.<\/p>\n<p>La acci\u00f3n legal a\u00fan no se dilucida. Otras podr\u00edan estar en camino, dicen los miembros del Comit\u00e9. Pero est\u00e1n claros que la lucha no la detienen porque sin agua no podr\u00e1n sobrevivir y ese es un tema que aprendieron a comprender al ver como cada d\u00eda se ahoga un r\u00edo que a\u00fan les sirve de fuente de vida.<\/p>\n","protected":false},"excerpt":{"rendered":"<p>Son las 6:00 a.m. cuando empieza su actividad. Karla nos cuenta que en su caminata diaria hacia su trabajo observa algunos camiones que comienzan desde muy temprano a sacar y trasladar piedras, grava, gravilla y arena. Es la lenta agon\u00eda del r\u00edo Cuyamel y esta es la historia de un grupo de pobladores, en su mayor\u00eda mujeres, que luchan para que su r\u00edo no muera. Cuyamel es una aldea que pertenece al municipio de Omoa, en el departamento de Cort\u00e9s, Honduras. Desde el a\u00f1o 2015, un grupo de hombres, pero sobre todo mujeres decidieron unirse para protagonizar la lucha por la defensa del R\u00edo que lleva el nombre del poblado y que se ubica en el extremo occidental de la costa norte, muy cercana al r\u00edo Motagua, en la frontera entre Honduras y Guatemala. Es una revoluci\u00f3n ecol\u00f3gica, dice Karla, una de sus defensoras. \u201cMe entristece; esto est\u00e1 pasando desde hace tiempo. El r\u00edo se ha secado. Hace 3 a\u00f1os hubo una mortandad de peces inexplicable, incluso recuerdo que en esa ocasi\u00f3n hasta vinieron los de Mi Ambiente, pero nadie supo que pas\u00f3 y las cosas solo han ido empeorando\u201d, sostuvo esta mujer a quien decidimos cambiarle su nombre, pues en Cuyamel, casi todos los que abanderan esta lucha han sufrido amenazas a su integridad. En nuestra conversaci\u00f3n, la joven tambi\u00e9n hizo referencia a otro caso reciente de mortandad de animales en la zona: \u201cel a\u00f1o pasado, en las partes de abajo del r\u00edo, donde alguna gente mantienen su ganado, un mont\u00f3n de animales aparecieron muertos por el agua sucia que bebieron. En esa ocasi\u00f3n, hasta se supo en la comunidad que arriba en la monta\u00f1a hab\u00eda un mineral que est\u00e1n queriendo extraer y estaban probando un qu\u00edmico; hasta los perros de los vecinos rio abajo murieron, pero nada de eso se investig\u00f3 por las autoridades\u201d. MiAmbiente es la Secretar\u00eda de Energ\u00eda, Recursos Naturales,\u00a0Ambiente\u00a0y Minas, encargada de lo concerniente a la formulaci\u00f3n, coordinaci\u00f3n y evaluaci\u00f3n de las pol\u00edticas relacionadas con la protecci\u00f3n y aprovechamiento de los recursos h\u00eddricos, las fuentes nuevas y renovables de energ\u00eda. Sin embargo, aseguran, que no ha tenido un papel protag\u00f3nico en la resoluci\u00f3n de un conflicto que podr\u00eda agudizarse. La lucha contra la hidroel\u00e9ctrica Cuyamel En el a\u00f1o 2013, el Congreso Nacional de Honduras, con la venia de MiAmbiente, dio en concesi\u00f3n el R\u00edo Cuyamel a la empresa Generadora Cuyamel S.A.\u00a0Esta concesi\u00f3n, como todas las que se han otorgado a las empresas en el territorio nacional, no han contado con la consulta libre, previa e informada que establece el Convenio 169 de la Organizaci\u00f3n Internacional del Trabajo, que debe hacerse a las comunidades que cohabitan con el agua de sus r\u00edos. Una vez que la comunidad de Cuyamel supo de la concesi\u00f3n, muchos de sus pobladores decidieron organizarse en lo que denominan el Comit\u00e9 Pro-Defensa del R\u00edo Cuyamel, nos relat\u00f3 uno de sus miembros. Foto obtenida de: Comit\u00e9 Pro Defensa del R\u00edo Cuyamel. Agreg\u00f3 que cuando ya estaban organizados, algo cambiar\u00eda y fortalecer\u00eda su visi\u00f3n de la lucha. \u201cEl poblado de Cuyamel recibi\u00f3 una visita que cambiar\u00eda la historia de nuestra lucha por el r\u00edo. La defensora ambiental Berta C\u00e1ceres asesinada el 3 de marzo del a\u00f1o 2016 nos visit\u00f3 y nos dej\u00f3 un semillero de \u201ccuyamelenses\u201d consientes y preocupados por el da\u00f1o ecol\u00f3gico en nuestra comunidad\u201d, relata otro de sus miembros, quien tambi\u00e9n pidi\u00f3 el anonimato por temor a represalias contra \u00e9l y su familia. Es as\u00ed, que despu\u00e9s de sistem\u00e1ticas acciones de la comunidad, la corporaci\u00f3n municipal de Omoa se comprometi\u00f3 a unirse a la comunidad en la lucha contra la instalaci\u00f3n de la represa. En las reuniones, entre corporativos e integrantes del Comit\u00e9 Pro Defensa del R\u00edo Cuyamel, se acord\u00f3 el desarrollo de un cabildo abierto para que la comunidad se pronunciase sobre la problem\u00e1tica.\u00a0Sin embargo, \u201cGracias a la burocracia, el cabildo abierto para tocar esta tem\u00e1tica nunca se llev\u00f3 a cabo hasta el sol de hoy\u201d, nos coment\u00f3 una de las integrantes del comit\u00e9. En abril del 2016, las pobladoras y sus familias organizaron una caminata para denunciar al alcalde del municipio de Omoa, Ricardo Alvarado Escobar, a quien acusaron de mentirle a la comunidad, en relaci\u00f3n con el apoyo en la resoluci\u00f3n del conflicto. Acordaron en ese entonces, luego de varias jornadas de protestas, que varios representantes del pueblo participar\u00edan en las sesiones de corporaci\u00f3n, donde expondr\u00edan sus demandas. Comienza persecuci\u00f3n judicial contra las defensoras del R\u00edo Foto obtenida de: Comit\u00e9 Pro Defensa del R\u00edo Cuyamel. Las y los miembros de la organizaci\u00f3n que en Cuyamel defienden el r\u00edo se han vuelto esquivos para hablar. Y no es para menos, varios han recibido amenazadas verbales y ya comenzaron a trascender al \u00e1mbito legal. El pasado 2 de agosto del 2018, Lucero Mart\u00ednez, ambientalista y miembro del comit\u00e9 Pro Defensa del R\u00edo Cuyamel fue citada al juzgado de paz por la denuncia hecha por Joseph Borjas, due\u00f1o de la empresa AGRECO S.A., la que actualmente est\u00e1 sustrayendo materiales del r\u00edo.\u00a0Mart\u00ednez public\u00f3 esta informaci\u00f3n en la p\u00e1gina oficial de Facebook del Comit\u00e9, pues Borjas la acus\u00f3 de organizar las protestas por situaciones personales. D\u00edas despu\u00e9s, la ambientalista se hizo presente a la citaci\u00f3n acompa\u00f1ada por miembros del comit\u00e9, algunos pobladores de Cuyamel, miembros del Equipo de Reflexi\u00f3n, Investigaci\u00f3n y Comunicaci\u00f3n (ERIC), as\u00ed como de miembros del Movimiento Amplio por la Dignidad y la Justicia (MADJ) y algunos medios de comunicaci\u00f3n local. El comit\u00e9 Pro Defensa del R\u00edo Cuyamel emiti\u00f3 un comunicado en el que establecieron que \u201cqued\u00f3 claro que no es problema personal, ni mucho menos familiar como \u00e9l mencionaba\u201d, refiri\u00e9ndose al se\u00f1or L\u00f3pez. Recalcaron que fue \u201cposiblemente para desvirtuar la noticia; es un problema ambiental con el comit\u00e9 y la comunidad; qued\u00f3 pendiente una reuni\u00f3n entre todas las partes para tratar el tema de cuidado y buen uso del r\u00edo como identidad y patrimonio de la comunidad\u201d. La acci\u00f3n legal a\u00fan no se dilucida. Otras podr\u00edan estar en camino, dicen los miembros del Comit\u00e9. Pero est\u00e1n claros que la lucha<\/p>\n","protected":false},"author":1,"featured_media":215,"comment_status":"open","ping_status":"open","sticky":false,"template":"","format":"standard","meta":{"footnotes":""},"categories":[9],"tags":[],"class_list":["post-212","post","type-post","status-publish","format-standard","has-post-thumbnail","hentry","category-noticias"],"rttpg_featured_image_url":{"full":["https:\/\/cespad.org.hn\/mujeres\/wp-content\/uploads\/2026\/03\/CUYAMEL-4-696x392-1.jpg",696,392,false],"landscape":["https:\/\/cespad.org.hn\/mujeres\/wp-content\/uploads\/2026\/03\/CUYAMEL-4-696x392-1.jpg",696,392,false],"portraits":["https:\/\/cespad.org.hn\/mujeres\/wp-content\/uploads\/2026\/03\/CUYAMEL-4-696x392-1.jpg",696,392,false],"thumbnail":["https:\/\/cespad.org.hn\/mujeres\/wp-content\/uploads\/2026\/03\/CUYAMEL-4-696x392-1-150x150.jpg",150,150,true],"medium":["https:\/\/cespad.org.hn\/mujeres\/wp-content\/uploads\/2026\/03\/CUYAMEL-4-696x392-1-300x169.jpg",300,169,true],"large":["https:\/\/cespad.org.hn\/mujeres\/wp-content\/uploads\/2026\/03\/CUYAMEL-4-696x392-1.jpg",696,392,false],"1536x1536":["https:\/\/cespad.org.hn\/mujeres\/wp-content\/uploads\/2026\/03\/CUYAMEL-4-696x392-1.jpg",696,392,false],"2048x2048":["https:\/\/cespad.org.hn\/mujeres\/wp-content\/uploads\/2026\/03\/CUYAMEL-4-696x392-1.jpg",696,392,false],"mailpoet_newsletter_max":["https:\/\/cespad.org.hn\/mujeres\/wp-content\/uploads\/2026\/03\/CUYAMEL-4-696x392-1.jpg",696,392,false]},"rttpg_author":{"display_name":"MUj2025","author_link":"https:\/\/cespad.org.hn\/mujeres\/author\/muj2025\/"},"rttpg_comment":0,"rttpg_category":"<a href=\"https:\/\/cespad.org.hn\/mujeres\/category\/noticias\/\" rel=\"category tag\">Noticias<\/a>","rttpg_excerpt":"Son las 6:00 a.m. cuando empieza su actividad. Karla nos cuenta que en su caminata diaria hacia su trabajo observa algunos camiones que comienzan desde muy temprano a sacar y trasladar piedras, grava, gravilla y arena. Es la lenta agon\u00eda del r\u00edo Cuyamel y esta es la historia de un grupo de pobladores, en su&hellip;","_links":{"self":[{"href":"https:\/\/cespad.org.hn\/mujeres\/wp-json\/wp\/v2\/posts\/212","targetHints":{"allow":["GET"]}}],"collection":[{"href":"https:\/\/cespad.org.hn\/mujeres\/wp-json\/wp\/v2\/posts"}],"about":[{"href":"https:\/\/cespad.org.hn\/mujeres\/wp-json\/wp\/v2\/types\/post"}],"author":[{"embeddable":true,"href":"https:\/\/cespad.org.hn\/mujeres\/wp-json\/wp\/v2\/users\/1"}],"replies":[{"embeddable":true,"href":"https:\/\/cespad.org.hn\/mujeres\/wp-json\/wp\/v2\/comments?post=212"}],"version-history":[{"count":1,"href":"https:\/\/cespad.org.hn\/mujeres\/wp-json\/wp\/v2\/posts\/212\/revisions"}],"predecessor-version":[{"id":216,"href":"https:\/\/cespad.org.hn\/mujeres\/wp-json\/wp\/v2\/posts\/212\/revisions\/216"}],"wp:featuredmedia":[{"embeddable":true,"href":"https:\/\/cespad.org.hn\/mujeres\/wp-json\/wp\/v2\/media\/215"}],"wp:attachment":[{"href":"https:\/\/cespad.org.hn\/mujeres\/wp-json\/wp\/v2\/media?parent=212"}],"wp:term":[{"taxonomy":"category","embeddable":true,"href":"https:\/\/cespad.org.hn\/mujeres\/wp-json\/wp\/v2\/categories?post=212"},{"taxonomy":"post_tag","embeddable":true,"href":"https:\/\/cespad.org.hn\/mujeres\/wp-json\/wp\/v2\/tags?post=212"}],"curies":[{"name":"wp","href":"https:\/\/api.w.org\/{rel}","templated":true}]}}