{"id":488,"date":"2018-12-18T18:57:38","date_gmt":"2018-12-18T18:57:38","guid":{"rendered":"https:\/\/cespad.org.hn\/mujeres\/?p=488"},"modified":"2026-03-23T19:00:33","modified_gmt":"2026-03-23T19:00:33","slug":"los-rostros-y-voces-que-reclaman-mas-atencion-a-las-mujeres","status":"publish","type":"post","link":"https:\/\/cespad.org.hn\/mujeres\/los-rostros-y-voces-que-reclaman-mas-atencion-a-las-mujeres\/","title":{"rendered":"Los rostros y voces que reclaman m\u00e1s atenci\u00f3n a las mujeres"},"content":{"rendered":"<p>Son los rostros de la lucha en los barrios, en las colonias, en las zonas donde la vida no vale nada. Donde hay que pelear hasta para la instalaci\u00f3n de una l\u00e1mpara que alumbre calles o senderos, escenario de una agresi\u00f3n, de una violaci\u00f3n sexual o de un asesinato.<\/p>\n<p>Son las mujeres y j\u00f3venes de los barrios y colonias, muchas de la periferia de Tegucigalpa, que fueron los atentos y atentas espectadores de la presentaci\u00f3n del segundo informe de monitoreo:\u00a0<strong><em>Gesti\u00f3n Gubernamental de Juan Orlando Hern\u00e1ndez y la Agenda Pol\u00edtica de mujeres y feministas.<\/em><\/strong><\/p>\n<p>Tambi\u00e9n son las personas que con los insumos de sus propias experiencias y vivencias alimentan el trabajo de las organizaciones de mujeres y feministas que luchan por una Honduras respetuosa de los derechos de las mujeres.<\/p>\n<p>Algunas de esas voces, su participaci\u00f3n y sus demandas en el evento:<\/p>\n<figure><img decoding=\"async\" class=\"td-animation-stack-type0-1\" src=\"http:\/\/cespad.org.hn\/wp-content\/uploads\/2018\/12\/thumbnail_IMG_20181218_095818-1024x768.jpg\" alt=\"\" \/><figcaption>Mar\u00eda Reyes<\/figcaption><\/figure>\n<p><strong>Mar\u00eda Amalia Reyes<br \/>\nRed de Mujeres contra la Violencia de la Colonia Ram\u00f3n Amaya Amador<br \/>\n<\/strong><br \/>\n\u201cEs necesario hacer m\u00e1s incidencia con los medios de comunicaci\u00f3n porque son base importante para esconder, mentir, medio informar o cambiar los hechos de violencia contra las mujeres. Los medios deben incidir que no se queden en impunidad los cr\u00edmenes, los asesinatos de tantas mujeres. Aqu\u00ed en la colonia Ram\u00f3n Amaya hacemos trabajo. Nos reunimos y hablamos de lo que est\u00e1 pasando, del contexto, de lo que le pasa a las mujeres que viven en estos barrios. Conocemos qu\u00e9 nos pasa y nos ayudamos mutuamente para ayudarnos y a nuestras familias.<\/p>\n<figure><img decoding=\"async\" class=\"td-animation-stack-type0-1\" src=\"http:\/\/cespad.org.hn\/wp-content\/uploads\/2018\/12\/IMG_20181218_102430-1024x768.jpg\" alt=\"\" \/><figcaption>Luis Aguilar<\/figcaption><\/figure>\n<p><strong>Luis Aguilar<br \/>\nIntegrante del grupo de j\u00f3venes voluntarios de Pol\u00e9tika-Honduras<\/strong><\/p>\n<p>\u201cEs necesario conocer el perfil del agresor. Un estudio para conocer la personalidad, sus motivaciones y el porqu\u00e9 de la reincidencia en el ciclo de la violencia de los agresores hace falta y es necesario para comenzar a atacar el problema desde la ra\u00edz. Se requiere saber por qu\u00e9 golpean y porque reinciden en golpear a las mujeres.<\/p>\n<p><strong>Belinda Matamoros<br \/>\nintegrante de la Red de Mujeres de la Cruz Roja<\/strong><\/p>\n<p>&nbsp;<\/p>\n<p>\u201cEs tiempo que las j\u00f3venes hablen. No callen. Digan, cuenten de lo que han visto, de sus historias, de sus acosos en los barrios. Hablen de sus temores, denuncien sus agresores. No dejemos que este problema contin\u00fae\u201d.<\/p>\n<figure><img decoding=\"async\" class=\"td-animation-stack-type0-1\" src=\"http:\/\/cespad.org.hn\/wp-content\/uploads\/2018\/12\/thumbnail_IMG_20181218_102239-1024x768.jpg\" alt=\"\" \/><figcaption>Andrea Cruz<\/figcaption><\/figure>\n<p><strong>Andrea Cruz<br \/>\nFeminista y joven integrante del equipo de voluntarios de Pol\u00e9tika-Honduras.<\/strong><\/p>\n<p>\u201cLos medios de comunicaci\u00f3n nos han quitado la sensibilidad. La mayor\u00eda de los medios justifica de entrada que las mujeres y j\u00f3venes que son asesinadas es porque pertenecen a las maras, pero no el que somos v\u00edctimas de sus agresiones, de situaciones que violentan nuestros derechos como mujeres. Hablan del porqu\u00e9 sin investigar\u201d.<\/p>\n<figure><img decoding=\"async\" class=\"td-animation-stack-type0-1\" src=\"http:\/\/cespad.org.hn\/wp-content\/uploads\/2018\/12\/thumbnail_IMG_20181218_101238-1024x768.jpg\" alt=\"\" \/><figcaption>Evelyn Cuellar<\/figcaption><\/figure>\n<p><strong>Evelyn Cuellar<br \/>\nfeminista e integrante de la Red de Mujeres de la Cruz Roja y de la Plataforma 25 de noviembre<\/strong><\/p>\n<p>\u201cEs importante hacer consciencia a nuestras hijas de la violencia, de que esto ocurre y que no deben permitir que los ciclos se repitan. Hay que fomentarles la cultura de la autodefensa y fortalecimiento de su autoestima para que las mujeres que son agredidas no regresen con sus agresores. Recuerden que detr\u00e1s de la violencia dom\u00e9stica tambi\u00e9n est\u00e1 la sexual. Y de esos abusos hay mucho en nuestros barrios\u201d.<\/p>\n<figure><img decoding=\"async\" class=\"td-animation-stack-type0-1\" src=\"http:\/\/cespad.org.hn\/wp-content\/uploads\/2018\/12\/thumbnail_IMG_20181218_102822-1024x768.jpg\" alt=\"\" \/><figcaption>Ana Joaquina<\/figcaption><\/figure>\n<p><strong>Ana Joaquina Amador<br \/>\nPromotora Legal de Red de Mujeres<br \/>\n<\/strong>\u201cYo le pido a la Juventud que se empodere de estas causas. Aqu\u00ed hay muchas j\u00f3venes que s\u00e9 que conocen esta realizadas. No hay que callar, deben despertar. Hay que generar consciencia de denunciar hasta pap\u00e1s que abusan de sus ni\u00f1as y ni\u00f1os, porque muchas veces se calla por miedo y permitimos con eso que hayan abusos. Pong\u00e1mosle atenci\u00f3n al asecho que sufren nuestros ni\u00f1os y ni\u00f1as en nuestros barrios\u201d.<\/p>\n<figure><img decoding=\"async\" class=\"td-animation-stack-type0-1\" src=\"http:\/\/cespad.org.hn\/wp-content\/uploads\/2018\/12\/thumbnail_IMG_20181218_103640-1024x768.jpg\" alt=\"\" \/><figcaption>Azalia Mendieta<\/figcaption><\/figure>\n<p><strong>Azalia Mendieta<br \/>\nRed de mujeres de la Cruz Roja<br \/>\n<\/strong>\u201cHay una situaci\u00f3n en los barrios y colonias y es que los operadores de justicia no funcionan. Desde los barrios se denuncia, y se va a ver si ayudan, pero los casos se quedan olvidados. La mujer o joven que denuncia se queda como burlada porque aun y cuando capturen al agresor, f\u00e1cilmente sale libre. La que queda ridiculizada es la mujer porque las autoridades no funcionan.<\/p>\n<p>El informe se present\u00f3 en el marco de la ejecuci\u00f3n del Proyecto \u201cCiudadan\u00eda Activa de las Mujeres para Fortalecer la Democracia en Honduras\u201d, co-ejecutado por el Centro de Estudio de la Mujer Honduras (CEM-H), la Organizaci\u00f3n Intibucana de Mujeres \u201cLas Hormigas\u201d y el Centro de Estudios para la Democracia (CESPAD).<\/p>\n","protected":false},"excerpt":{"rendered":"<p>Son los rostros de la lucha en los barrios, en las colonias, en las zonas donde la vida no vale nada. Donde hay que pelear hasta para la instalaci\u00f3n de una l\u00e1mpara que alumbre calles o senderos, escenario de una agresi\u00f3n, de una violaci\u00f3n sexual o de un asesinato. Son las mujeres y j\u00f3venes de los barrios y colonias, muchas de la periferia de Tegucigalpa, que fueron los atentos y atentas espectadores de la presentaci\u00f3n del segundo informe de monitoreo:\u00a0Gesti\u00f3n Gubernamental de Juan Orlando Hern\u00e1ndez y la Agenda Pol\u00edtica de mujeres y feministas. Tambi\u00e9n son las personas que con los insumos de sus propias experiencias y vivencias alimentan el trabajo de las organizaciones de mujeres y feministas que luchan por una Honduras respetuosa de los derechos de las mujeres. Algunas de esas voces, su participaci\u00f3n y sus demandas en el evento: Mar\u00eda Reyes Mar\u00eda Amalia Reyes Red de Mujeres contra la Violencia de la Colonia Ram\u00f3n Amaya Amador \u201cEs necesario hacer m\u00e1s incidencia con los medios de comunicaci\u00f3n porque son base importante para esconder, mentir, medio informar o cambiar los hechos de violencia contra las mujeres. Los medios deben incidir que no se queden en impunidad los cr\u00edmenes, los asesinatos de tantas mujeres. Aqu\u00ed en la colonia Ram\u00f3n Amaya hacemos trabajo. Nos reunimos y hablamos de lo que est\u00e1 pasando, del contexto, de lo que le pasa a las mujeres que viven en estos barrios. Conocemos qu\u00e9 nos pasa y nos ayudamos mutuamente para ayudarnos y a nuestras familias. Luis Aguilar Luis Aguilar Integrante del grupo de j\u00f3venes voluntarios de Pol\u00e9tika-Honduras \u201cEs necesario conocer el perfil del agresor. Un estudio para conocer la personalidad, sus motivaciones y el porqu\u00e9 de la reincidencia en el ciclo de la violencia de los agresores hace falta y es necesario para comenzar a atacar el problema desde la ra\u00edz. Se requiere saber por qu\u00e9 golpean y porque reinciden en golpear a las mujeres. Belinda Matamoros integrante de la Red de Mujeres de la Cruz Roja &nbsp; \u201cEs tiempo que las j\u00f3venes hablen. No callen. Digan, cuenten de lo que han visto, de sus historias, de sus acosos en los barrios. Hablen de sus temores, denuncien sus agresores. No dejemos que este problema contin\u00fae\u201d. Andrea Cruz Andrea Cruz Feminista y joven integrante del equipo de voluntarios de Pol\u00e9tika-Honduras. \u201cLos medios de comunicaci\u00f3n nos han quitado la sensibilidad. La mayor\u00eda de los medios justifica de entrada que las mujeres y j\u00f3venes que son asesinadas es porque pertenecen a las maras, pero no el que somos v\u00edctimas de sus agresiones, de situaciones que violentan nuestros derechos como mujeres. Hablan del porqu\u00e9 sin investigar\u201d. Evelyn Cuellar Evelyn Cuellar feminista e integrante de la Red de Mujeres de la Cruz Roja y de la Plataforma 25 de noviembre \u201cEs importante hacer consciencia a nuestras hijas de la violencia, de que esto ocurre y que no deben permitir que los ciclos se repitan. Hay que fomentarles la cultura de la autodefensa y fortalecimiento de su autoestima para que las mujeres que son agredidas no regresen con sus agresores. Recuerden que detr\u00e1s de la violencia dom\u00e9stica tambi\u00e9n est\u00e1 la sexual. Y de esos abusos hay mucho en nuestros barrios\u201d. Ana Joaquina Ana Joaquina Amador Promotora Legal de Red de Mujeres \u201cYo le pido a la Juventud que se empodere de estas causas. Aqu\u00ed hay muchas j\u00f3venes que s\u00e9 que conocen esta realizadas. No hay que callar, deben despertar. Hay que generar consciencia de denunciar hasta pap\u00e1s que abusan de sus ni\u00f1as y ni\u00f1os, porque muchas veces se calla por miedo y permitimos con eso que hayan abusos. Pong\u00e1mosle atenci\u00f3n al asecho que sufren nuestros ni\u00f1os y ni\u00f1as en nuestros barrios\u201d. Azalia Mendieta Azalia Mendieta Red de mujeres de la Cruz Roja \u201cHay una situaci\u00f3n en los barrios y colonias y es que los operadores de justicia no funcionan. Desde los barrios se denuncia, y se va a ver si ayudan, pero los casos se quedan olvidados. La mujer o joven que denuncia se queda como burlada porque aun y cuando capturen al agresor, f\u00e1cilmente sale libre. La que queda ridiculizada es la mujer porque las autoridades no funcionan. El informe se present\u00f3 en el marco de la ejecuci\u00f3n del Proyecto \u201cCiudadan\u00eda Activa de las Mujeres para Fortalecer la Democracia en Honduras\u201d, co-ejecutado por el Centro de Estudio de la Mujer Honduras (CEM-H), la Organizaci\u00f3n Intibucana de Mujeres \u201cLas Hormigas\u201d y el Centro de Estudios para la Democracia (CESPAD).<\/p>\n","protected":false},"author":1,"featured_media":491,"comment_status":"closed","ping_status":"closed","sticky":false,"template":"","format":"standard","meta":{"footnotes":""},"categories":[9],"tags":[11,12,10],"class_list":["post-488","post","type-post","status-publish","format-standard","has-post-thumbnail","hentry","category-noticias","tag-cespad","tag-honduras","tag-mujeres"],"rttpg_featured_image_url":{"full":["https:\/\/cespad.org.hn\/mujeres\/wp-content\/uploads\/2026\/03\/WhatsApp-Image-2018-12-18-at-9.47.45-AM-696x522-1.jpeg",696,522,false],"landscape":["https:\/\/cespad.org.hn\/mujeres\/wp-content\/uploads\/2026\/03\/WhatsApp-Image-2018-12-18-at-9.47.45-AM-696x522-1.jpeg",696,522,false],"portraits":["https:\/\/cespad.org.hn\/mujeres\/wp-content\/uploads\/2026\/03\/WhatsApp-Image-2018-12-18-at-9.47.45-AM-696x522-1.jpeg",696,522,false],"thumbnail":["https:\/\/cespad.org.hn\/mujeres\/wp-content\/uploads\/2026\/03\/WhatsApp-Image-2018-12-18-at-9.47.45-AM-696x522-1-150x150.jpeg",150,150,true],"medium":["https:\/\/cespad.org.hn\/mujeres\/wp-content\/uploads\/2026\/03\/WhatsApp-Image-2018-12-18-at-9.47.45-AM-696x522-1-300x225.jpeg",300,225,true],"large":["https:\/\/cespad.org.hn\/mujeres\/wp-content\/uploads\/2026\/03\/WhatsApp-Image-2018-12-18-at-9.47.45-AM-696x522-1.jpeg",696,522,false],"1536x1536":["https:\/\/cespad.org.hn\/mujeres\/wp-content\/uploads\/2026\/03\/WhatsApp-Image-2018-12-18-at-9.47.45-AM-696x522-1.jpeg",696,522,false],"2048x2048":["https:\/\/cespad.org.hn\/mujeres\/wp-content\/uploads\/2026\/03\/WhatsApp-Image-2018-12-18-at-9.47.45-AM-696x522-1.jpeg",696,522,false],"mailpoet_newsletter_max":["https:\/\/cespad.org.hn\/mujeres\/wp-content\/uploads\/2026\/03\/WhatsApp-Image-2018-12-18-at-9.47.45-AM-696x522-1.jpeg",696,522,false]},"rttpg_author":{"display_name":"MUj2025","author_link":"https:\/\/cespad.org.hn\/mujeres\/author\/muj2025\/"},"rttpg_comment":0,"rttpg_category":"<a href=\"https:\/\/cespad.org.hn\/mujeres\/category\/noticias\/\" rel=\"category tag\">Noticias<\/a>","rttpg_excerpt":"Son los rostros de la lucha en los barrios, en las colonias, en las zonas donde la vida no vale nada. Donde hay que pelear hasta para la instalaci\u00f3n de una l\u00e1mpara que alumbre calles o senderos, escenario de una agresi\u00f3n, de una violaci\u00f3n sexual o de un asesinato. Son las mujeres y j\u00f3venes de&hellip;","_links":{"self":[{"href":"https:\/\/cespad.org.hn\/mujeres\/wp-json\/wp\/v2\/posts\/488","targetHints":{"allow":["GET"]}}],"collection":[{"href":"https:\/\/cespad.org.hn\/mujeres\/wp-json\/wp\/v2\/posts"}],"about":[{"href":"https:\/\/cespad.org.hn\/mujeres\/wp-json\/wp\/v2\/types\/post"}],"author":[{"embeddable":true,"href":"https:\/\/cespad.org.hn\/mujeres\/wp-json\/wp\/v2\/users\/1"}],"replies":[{"embeddable":true,"href":"https:\/\/cespad.org.hn\/mujeres\/wp-json\/wp\/v2\/comments?post=488"}],"version-history":[{"count":2,"href":"https:\/\/cespad.org.hn\/mujeres\/wp-json\/wp\/v2\/posts\/488\/revisions"}],"predecessor-version":[{"id":493,"href":"https:\/\/cespad.org.hn\/mujeres\/wp-json\/wp\/v2\/posts\/488\/revisions\/493"}],"wp:featuredmedia":[{"embeddable":true,"href":"https:\/\/cespad.org.hn\/mujeres\/wp-json\/wp\/v2\/media\/491"}],"wp:attachment":[{"href":"https:\/\/cespad.org.hn\/mujeres\/wp-json\/wp\/v2\/media?parent=488"}],"wp:term":[{"taxonomy":"category","embeddable":true,"href":"https:\/\/cespad.org.hn\/mujeres\/wp-json\/wp\/v2\/categories?post=488"},{"taxonomy":"post_tag","embeddable":true,"href":"https:\/\/cespad.org.hn\/mujeres\/wp-json\/wp\/v2\/tags?post=488"}],"curies":[{"name":"wp","href":"https:\/\/api.w.org\/{rel}","templated":true}]}}