{"id":497,"date":"2019-11-18T19:03:39","date_gmt":"2019-11-18T19:03:39","guid":{"rendered":"https:\/\/cespad.org.hn\/mujeres\/?p=497"},"modified":"2026-03-23T19:04:41","modified_gmt":"2026-03-23T19:04:41","slug":"emilia-ventura-la-indigena-que-lucha-contra-el-abandono-de-nahuaterique","status":"publish","type":"post","link":"https:\/\/cespad.org.hn\/mujeres\/emilia-ventura-la-indigena-que-lucha-contra-el-abandono-de-nahuaterique\/","title":{"rendered":"Emilia Ventura: la ind\u00edgena que lucha contra el abandono de Nahuaterique"},"content":{"rendered":"<p>Recorri\u00f3 cientos de kil\u00f3metros para asistir al Primer Encuentro de Pueblos y Comunidades: Hacia un Estado intercultural en Honduras. Su rostro develaba una alegr\u00eda y gratitud por estar rodeada de defensoras; su cabello corto y rizado, su piel marr\u00f3n, su peculiar mirada que denota firmeza y sus palabras cargadas de seguridad y dignidad, son parte de la esencia de Emilia Ventura, mujer ind\u00edgena y guardiana de la tierra.<\/p>\n<p>Emilia naci\u00f3 en 1977, en Nahuaterique, cuando a\u00fan era territorio de El Salvador. Pero en 1992 la Corte Internacional de Justicia, con sede en la Haya, Holanda, emiti\u00f3 un fallo a trav\u00e9s del cual otorg\u00f3 al Estado de Honduras 160 kil\u00f3metros cuadrados de tierra fronteriza que estaba el litigio con El Salvador, pasando este a ser parte del territorio nacional.<\/p>\n<p>El fallo puso fin a la disputa jur\u00eddica entre los dos Estados pero dej\u00f3 a las personas de comunidades enteras con una nueva nacionalidad, con muchas interrogantes y sin garant\u00edas de sus derechos. Tratando de buscar las respuestas y el cumplimiento de los acuerdos se encuentra Emilia, una de las mujeres que lidera la lucha emprendida por la recuperaci\u00f3n de tierras, el respeto de los bienes comunes de la naturaleza y la independencia de Nahuaterique.<\/p>\n<p><strong>\u201cFue tan duro para m\u00ed\u201d<\/strong><\/p>\n<p>Emilia es hija de padre y madre con nacionalidad salvadore\u00f1a. Al igual que ella, muchos de sus cercanos tienen doble nacionalidad. Ella creci\u00f3 escuchando las detonaciones de todo tipo armas, rodeada de injusticias pero muy unida a la naturaleza. Ten\u00eda doce a\u00f1os cuando inici\u00f3 la guerra en El Salvador. \u201cPara m\u00ed fue tan dif\u00edcil porque no pod\u00edamos estudiar, no hab\u00edan maestros, escuelas, todo fue destruido\u201d, recuerda.<\/p>\n<p>Sus primeros pasos estuvieron en las que llama \u201cmilicias\u201d; se integr\u00f3 a las filas del\u00a0<strong>Ej\u00e9rcito Revolucionario del Pueblo (ERP),\u00a0<\/strong>estructura en la que se dedicaba a la creaci\u00f3n de materiales que evidenciaban la situaci\u00f3n de la guerra y las desigualdades que viv\u00edan los campesinos y campesinas.<\/p>\n<p>\u201cEl ERP era una de las estructuras que estaban dentro del departamento de Moraz\u00e1n en El Salvador. Organiz\u00e1bamos a los j\u00f3venes y mujeres. Las mujeres cubr\u00edan lo log\u00edstico, tratando de buscar igualdad en las tierras, era un trabajo organizativo, m\u00e1s de hacerle conciencia a la juventud\u201d, comenta.<\/p>\n<p>Para Emilia, la guerra civil de El Salvador le marc\u00f3 su vida y dej\u00f3 heridas a flor de piel por la p\u00e9rdida de familiares y amigos. \u201cPerd\u00ed a un primo, se llamaba Santiago. Fue tan duro para m\u00ed. Y Perd\u00ed dos primos hermanos\u201d.<\/p>\n<p>Adem\u00e1s recuerda los abusos cometidos por los terratenientes que ten\u00edan como esclavos a los campesinos y cada vez que lograban ahorrar cierta cantidad de dinero para buscar su libertad, eran asesinados.<\/p>\n<p><strong>La sub-cordinadora del\u00a0 Concejo Ind\u00edgena Municipal y Comunitario<\/strong><\/p>\n<p>Con el respaldo de m\u00e1s de siete mil pobladores y pobladoras de Nahuaterique, Emilia fue elegida como sub-coordinadora del Concejo Ind\u00edgena Municipal y Comunitario, el pasado 21 de Octubre. Pero ella no va sola, otras mujeres integran las secretar\u00edas y juntas prometen hacer que los gobiernos cumplan con las responsabilidades de la comunidad y el respeto de los derechos de las mujeres para erradicar la violencia en los territorios.<\/p>\n<p>Uno de los problemas m\u00e1s visibles de Nahuaterique es que la poblaci\u00f3n no cuenta con una identidad. Solo en el 2010 el Registro Nacional de las Personas de Honduras (RNP) emiti\u00f3 63 identidades.\u00a0 \u201cEste conflicto lo venimos atravesando hace 27 a\u00f1os y que las autoridades de Honduras no nos han dado respuesta. Ambos pa\u00edses quedaban comprometidos a velar y resolver los problemas que hubieran dentro del territorio\u201d, se\u00f1ala.<\/p>\n<p>\u201cDesde el 2012 comenzamos a formar los concejos ind\u00edgenas municipales y comunitarios y de ah\u00ed viene el autogobierno que tenemos. No se van a permitir partidos pol\u00edticos en el territorio, con esto no decimos que se han cerrado las puertas para el Estado de Honduras, estamos abiertos a dialogar\u201d.<\/p>\n<p>Para Emilia, la poca o nula voluntad pol\u00edtica del Estado de Honduras se refleja diariamente al no tener acceso a salud, educaci\u00f3n de calidad, transporte y la no garant\u00eda de la titulaci\u00f3n de las tierras de ella y su comunidad.<\/p>\n<p>\u201cLos tres centros de salud que tenemos est\u00e1n descentralizados. Les dan referencias para que se vayan a El Salvador. El Estado de Honduras no se hace responsable. Hay hecho cambios de maestro. Nunca han llegado con plazas. Vamos a exigirle a Honduras que como pueblos ind\u00edgenas tenemos que tener una educaci\u00f3n de calidad. Cada tres meses est\u00e1n cambiando maestros.\u00a0\u00a0 Solo ofrecen una carrera agroforestal. Tenemos 27 personas que estudian en El Salvador a distancia. De El Salvador se les asignado transporte. Honduras no les garantiza un trabajo\u201d.<\/p>\n<p>Rebelde y firme, esta ind\u00edgena\u00a0 ha se\u00f1alado la criminalizaci\u00f3n que sufren las parteras en la zona y la falta de educaci\u00f3n sexual.\u00a0 \u201cEl 5% de mujeres embarazadas son menores de edad. Ellas van a parir a El Salvador.\u00a0 A las parteras se les multa con 500 lempiras\u201d. Y por eso, cansada de las mentiras de las autoridades locales, ha echado sus pasos andar para hacer de Nahuaterique un municipio que responda\u00a0 a las demandas de la ciudadan\u00eda.<\/p>\n<p><strong><em>Guardiana de los r\u00edos<\/em><\/strong><\/p>\n<p>Tambi\u00e9n es parte del Movimiento Independiente Ind\u00edgena Lenca de La Paz Honduras (MILPAH).\u00a0 Emilia se ha enfrentado a La empresa\u00a0 propiedad de la diputada del Congreso Nacional de Honduras, Gladys Aurora L\u00f3pez, denominada \u201cEncino 1\u201d.\u00a0 L\u00f3pez ha querido instalar una hidroel\u00e9ctrica sobre el R\u00edo Chinacla.<\/p>\n<figure id=\"attachment_2966\" class=\"wp-caption alignleft\" aria-describedby=\"caption-attachment-2966\"><img fetchpriority=\"high\" decoding=\"async\" class=\"size-medium wp-image-2966 td-animation-stack-type0-1\" src=\"http:\/\/cespad.org.hn\/wp-content\/uploads\/2019\/11\/IMG_0821-300x200.jpg\" sizes=\"(max-width: 300px) 100vw, 300px\" srcset=\"https:\/\/v1.cespad.org.hn\/wp-content\/uploads\/2019\/11\/IMG_0821-300x200.jpg 300w, https:\/\/v1.cespad.org.hn\/wp-content\/uploads\/2019\/11\/IMG_0821-768x512.jpg 768w, https:\/\/v1.cespad.org.hn\/wp-content\/uploads\/2019\/11\/IMG_0821-1024x683.jpg 1024w, https:\/\/v1.cespad.org.hn\/wp-content\/uploads\/2019\/11\/IMG_0821-696x464.jpg 696w, https:\/\/v1.cespad.org.hn\/wp-content\/uploads\/2019\/11\/IMG_0821-1068x712.jpg 1068w, https:\/\/v1.cespad.org.hn\/wp-content\/uploads\/2019\/11\/IMG_0821-630x420.jpg 630w\" alt=\"\" width=\"300\" height=\"200\" \/><figcaption id=\"caption-attachment-2966\" class=\"wp-caption-text\">Emilia Ventura.<\/figcaption><\/figure>\n<p>Por la cercan\u00eda que tiene con la naturaleza y las ganas de querer dejar un mundo diferente para las futuras generaciones, va sembrando y cosechando esperanzas de la mano de quienes son solidarios. \u201cPara m\u00ed es dejarle un heredero a mi familia, a mi pueblo que amo. Mi lucha ha sido que se gana con esfuerzo, he sido amenazada, discriminada, en algunos medios de comunicaci\u00f3n en Honduras y El Salvador\u201d.<\/p>\n<p>Agrega que aunque el gobierno les reprime ellos se amparan en el convenio 169 de la OIT. \u201cPara m\u00ed es dejarle un heredero a mi familia, a mi pueblo que amo, mi lucha ha sido la que se gana con esfuerzo\u201d, puntualiz\u00f3.<\/p>\n","protected":false},"excerpt":{"rendered":"<p>Recorri\u00f3 cientos de kil\u00f3metros para asistir al Primer Encuentro de Pueblos y Comunidades: Hacia un Estado intercultural en Honduras. Su rostro develaba una alegr\u00eda y gratitud por estar rodeada de defensoras; su cabello corto y rizado, su piel marr\u00f3n, su peculiar mirada que denota firmeza y sus palabras cargadas de seguridad y dignidad, son parte de la esencia de Emilia Ventura, mujer ind\u00edgena y guardiana de la tierra. Emilia naci\u00f3 en 1977, en Nahuaterique, cuando a\u00fan era territorio de El Salvador. Pero en 1992 la Corte Internacional de Justicia, con sede en la Haya, Holanda, emiti\u00f3 un fallo a trav\u00e9s del cual otorg\u00f3 al Estado de Honduras 160 kil\u00f3metros cuadrados de tierra fronteriza que estaba el litigio con El Salvador, pasando este a ser parte del territorio nacional. El fallo puso fin a la disputa jur\u00eddica entre los dos Estados pero dej\u00f3 a las personas de comunidades enteras con una nueva nacionalidad, con muchas interrogantes y sin garant\u00edas de sus derechos. Tratando de buscar las respuestas y el cumplimiento de los acuerdos se encuentra Emilia, una de las mujeres que lidera la lucha emprendida por la recuperaci\u00f3n de tierras, el respeto de los bienes comunes de la naturaleza y la independencia de Nahuaterique. \u201cFue tan duro para m\u00ed\u201d Emilia es hija de padre y madre con nacionalidad salvadore\u00f1a. Al igual que ella, muchos de sus cercanos tienen doble nacionalidad. Ella creci\u00f3 escuchando las detonaciones de todo tipo armas, rodeada de injusticias pero muy unida a la naturaleza. Ten\u00eda doce a\u00f1os cuando inici\u00f3 la guerra en El Salvador. \u201cPara m\u00ed fue tan dif\u00edcil porque no pod\u00edamos estudiar, no hab\u00edan maestros, escuelas, todo fue destruido\u201d, recuerda. Sus primeros pasos estuvieron en las que llama \u201cmilicias\u201d; se integr\u00f3 a las filas del\u00a0Ej\u00e9rcito Revolucionario del Pueblo (ERP),\u00a0estructura en la que se dedicaba a la creaci\u00f3n de materiales que evidenciaban la situaci\u00f3n de la guerra y las desigualdades que viv\u00edan los campesinos y campesinas. \u201cEl ERP era una de las estructuras que estaban dentro del departamento de Moraz\u00e1n en El Salvador. Organiz\u00e1bamos a los j\u00f3venes y mujeres. Las mujeres cubr\u00edan lo log\u00edstico, tratando de buscar igualdad en las tierras, era un trabajo organizativo, m\u00e1s de hacerle conciencia a la juventud\u201d, comenta. Para Emilia, la guerra civil de El Salvador le marc\u00f3 su vida y dej\u00f3 heridas a flor de piel por la p\u00e9rdida de familiares y amigos. \u201cPerd\u00ed a un primo, se llamaba Santiago. Fue tan duro para m\u00ed. Y Perd\u00ed dos primos hermanos\u201d. Adem\u00e1s recuerda los abusos cometidos por los terratenientes que ten\u00edan como esclavos a los campesinos y cada vez que lograban ahorrar cierta cantidad de dinero para buscar su libertad, eran asesinados. La sub-cordinadora del\u00a0 Concejo Ind\u00edgena Municipal y Comunitario Con el respaldo de m\u00e1s de siete mil pobladores y pobladoras de Nahuaterique, Emilia fue elegida como sub-coordinadora del Concejo Ind\u00edgena Municipal y Comunitario, el pasado 21 de Octubre. Pero ella no va sola, otras mujeres integran las secretar\u00edas y juntas prometen hacer que los gobiernos cumplan con las responsabilidades de la comunidad y el respeto de los derechos de las mujeres para erradicar la violencia en los territorios. Uno de los problemas m\u00e1s visibles de Nahuaterique es que la poblaci\u00f3n no cuenta con una identidad. Solo en el 2010 el Registro Nacional de las Personas de Honduras (RNP) emiti\u00f3 63 identidades.\u00a0 \u201cEste conflicto lo venimos atravesando hace 27 a\u00f1os y que las autoridades de Honduras no nos han dado respuesta. Ambos pa\u00edses quedaban comprometidos a velar y resolver los problemas que hubieran dentro del territorio\u201d, se\u00f1ala. \u201cDesde el 2012 comenzamos a formar los concejos ind\u00edgenas municipales y comunitarios y de ah\u00ed viene el autogobierno que tenemos. No se van a permitir partidos pol\u00edticos en el territorio, con esto no decimos que se han cerrado las puertas para el Estado de Honduras, estamos abiertos a dialogar\u201d. Para Emilia, la poca o nula voluntad pol\u00edtica del Estado de Honduras se refleja diariamente al no tener acceso a salud, educaci\u00f3n de calidad, transporte y la no garant\u00eda de la titulaci\u00f3n de las tierras de ella y su comunidad. \u201cLos tres centros de salud que tenemos est\u00e1n descentralizados. Les dan referencias para que se vayan a El Salvador. El Estado de Honduras no se hace responsable. Hay hecho cambios de maestro. Nunca han llegado con plazas. Vamos a exigirle a Honduras que como pueblos ind\u00edgenas tenemos que tener una educaci\u00f3n de calidad. Cada tres meses est\u00e1n cambiando maestros.\u00a0\u00a0 Solo ofrecen una carrera agroforestal. Tenemos 27 personas que estudian en El Salvador a distancia. De El Salvador se les asignado transporte. Honduras no les garantiza un trabajo\u201d. Rebelde y firme, esta ind\u00edgena\u00a0 ha se\u00f1alado la criminalizaci\u00f3n que sufren las parteras en la zona y la falta de educaci\u00f3n sexual.\u00a0 \u201cEl 5% de mujeres embarazadas son menores de edad. Ellas van a parir a El Salvador.\u00a0 A las parteras se les multa con 500 lempiras\u201d. Y por eso, cansada de las mentiras de las autoridades locales, ha echado sus pasos andar para hacer de Nahuaterique un municipio que responda\u00a0 a las demandas de la ciudadan\u00eda. Guardiana de los r\u00edos Tambi\u00e9n es parte del Movimiento Independiente Ind\u00edgena Lenca de La Paz Honduras (MILPAH).\u00a0 Emilia se ha enfrentado a La empresa\u00a0 propiedad de la diputada del Congreso Nacional de Honduras, Gladys Aurora L\u00f3pez, denominada \u201cEncino 1\u201d.\u00a0 L\u00f3pez ha querido instalar una hidroel\u00e9ctrica sobre el R\u00edo Chinacla. Emilia Ventura. Por la cercan\u00eda que tiene con la naturaleza y las ganas de querer dejar un mundo diferente para las futuras generaciones, va sembrando y cosechando esperanzas de la mano de quienes son solidarios. \u201cPara m\u00ed es dejarle un heredero a mi familia, a mi pueblo que amo. Mi lucha ha sido que se gana con esfuerzo, he sido amenazada, discriminada, en algunos medios de comunicaci\u00f3n en Honduras y El Salvador\u201d. Agrega que aunque el gobierno les reprime ellos se amparan en el convenio 169 de la OIT. \u201cPara m\u00ed es dejarle un heredero a mi familia, a mi pueblo que amo, mi lucha ha sido la que se gana con<\/p>\n","protected":false},"author":1,"featured_media":500,"comment_status":"closed","ping_status":"closed","sticky":false,"template":"","format":"standard","meta":{"footnotes":""},"categories":[9],"tags":[11,12,10],"class_list":["post-497","post","type-post","status-publish","format-standard","has-post-thumbnail","hentry","category-noticias","tag-cespad","tag-honduras","tag-mujeres"],"rttpg_featured_image_url":{"full":["https:\/\/cespad.org.hn\/mujeres\/wp-content\/uploads\/2026\/03\/IMG_0818-1-696x464-1.jpg",696,464,false],"landscape":["https:\/\/cespad.org.hn\/mujeres\/wp-content\/uploads\/2026\/03\/IMG_0818-1-696x464-1.jpg",696,464,false],"portraits":["https:\/\/cespad.org.hn\/mujeres\/wp-content\/uploads\/2026\/03\/IMG_0818-1-696x464-1.jpg",696,464,false],"thumbnail":["https:\/\/cespad.org.hn\/mujeres\/wp-content\/uploads\/2026\/03\/IMG_0818-1-696x464-1-150x150.jpg",150,150,true],"medium":["https:\/\/cespad.org.hn\/mujeres\/wp-content\/uploads\/2026\/03\/IMG_0818-1-696x464-1-300x200.jpg",300,200,true],"large":["https:\/\/cespad.org.hn\/mujeres\/wp-content\/uploads\/2026\/03\/IMG_0818-1-696x464-1.jpg",696,464,false],"1536x1536":["https:\/\/cespad.org.hn\/mujeres\/wp-content\/uploads\/2026\/03\/IMG_0818-1-696x464-1.jpg",696,464,false],"2048x2048":["https:\/\/cespad.org.hn\/mujeres\/wp-content\/uploads\/2026\/03\/IMG_0818-1-696x464-1.jpg",696,464,false],"mailpoet_newsletter_max":["https:\/\/cespad.org.hn\/mujeres\/wp-content\/uploads\/2026\/03\/IMG_0818-1-696x464-1.jpg",696,464,false]},"rttpg_author":{"display_name":"MUj2025","author_link":"https:\/\/cespad.org.hn\/mujeres\/author\/muj2025\/"},"rttpg_comment":0,"rttpg_category":"<a href=\"https:\/\/cespad.org.hn\/mujeres\/category\/noticias\/\" rel=\"category tag\">Noticias<\/a>","rttpg_excerpt":"Recorri\u00f3 cientos de kil\u00f3metros para asistir al Primer Encuentro de Pueblos y Comunidades: Hacia un Estado intercultural en Honduras. Su rostro develaba una alegr\u00eda y gratitud por estar rodeada de defensoras; su cabello corto y rizado, su piel marr\u00f3n, su peculiar mirada que denota firmeza y sus palabras cargadas de seguridad y dignidad, son parte&hellip;","_links":{"self":[{"href":"https:\/\/cespad.org.hn\/mujeres\/wp-json\/wp\/v2\/posts\/497","targetHints":{"allow":["GET"]}}],"collection":[{"href":"https:\/\/cespad.org.hn\/mujeres\/wp-json\/wp\/v2\/posts"}],"about":[{"href":"https:\/\/cespad.org.hn\/mujeres\/wp-json\/wp\/v2\/types\/post"}],"author":[{"embeddable":true,"href":"https:\/\/cespad.org.hn\/mujeres\/wp-json\/wp\/v2\/users\/1"}],"replies":[{"embeddable":true,"href":"https:\/\/cespad.org.hn\/mujeres\/wp-json\/wp\/v2\/comments?post=497"}],"version-history":[{"count":1,"href":"https:\/\/cespad.org.hn\/mujeres\/wp-json\/wp\/v2\/posts\/497\/revisions"}],"predecessor-version":[{"id":501,"href":"https:\/\/cespad.org.hn\/mujeres\/wp-json\/wp\/v2\/posts\/497\/revisions\/501"}],"wp:featuredmedia":[{"embeddable":true,"href":"https:\/\/cespad.org.hn\/mujeres\/wp-json\/wp\/v2\/media\/500"}],"wp:attachment":[{"href":"https:\/\/cespad.org.hn\/mujeres\/wp-json\/wp\/v2\/media?parent=497"}],"wp:term":[{"taxonomy":"category","embeddable":true,"href":"https:\/\/cespad.org.hn\/mujeres\/wp-json\/wp\/v2\/categories?post=497"},{"taxonomy":"post_tag","embeddable":true,"href":"https:\/\/cespad.org.hn\/mujeres\/wp-json\/wp\/v2\/tags?post=497"}],"curies":[{"name":"wp","href":"https:\/\/api.w.org\/{rel}","templated":true}]}}