{"id":550,"date":"2017-08-16T19:46:13","date_gmt":"2017-08-16T19:46:13","guid":{"rendered":"https:\/\/cespad.org.hn\/mujeres\/?p=550"},"modified":"2026-03-23T19:47:16","modified_gmt":"2026-03-23T19:47:16","slug":"mujeres-buscaran-posicionar-su-agenda-en-los-planes-de-gobierno-de-aspirantes-a-la-presidencia-de-honduras-2","status":"publish","type":"post","link":"https:\/\/cespad.org.hn\/mujeres\/mujeres-buscaran-posicionar-su-agenda-en-los-planes-de-gobierno-de-aspirantes-a-la-presidencia-de-honduras-2\/","title":{"rendered":"Mujeres buscar\u00e1n posicionar su agenda en los planes de gobierno de aspirantes a la presidencia de Honduras"},"content":{"rendered":"<p>Llegaron desde diversos puntos del pa\u00eds, y con la energ\u00eda y la convicci\u00f3n que les caracteriza, decenas de mujeres debatieron sobre las problem\u00e1ticas que les aquejan. El resultado: el delineamiento y priorizaci\u00f3n de los temas de agenda que buscar\u00e1n, se incorporen en los planes de gobierno de los candidatos a la presidencia de Honduras.<\/p>\n<p>En el marco del contexto electoral, las mujeres organizadas comenzaron a crear y fortalecer espacios para la discusi\u00f3n de su propia agenda. En un primer encuentro se convoc\u00f3 a 68 representantes de 6 diversas Plataformas del Movimiento de Mujeres y Feministas. Ese enriquecedor proceso ha dado como resultado la identificaci\u00f3n de los grandes temas-problemas que enfrentan en el marco del contexto de pa\u00eds. La jornada fue de naturaleza participativa, en espacios de discusi\u00f3n con mesas de trabajo para la reflexi\u00f3n y la generaci\u00f3n de propuestas.<\/p>\n<p>Un segundo encuentro, igual de participativo que el primero, abon\u00f3 al afinamiento de los temas que ser\u00e1n los que se propondr\u00e1n a los candidatos o aspirantes a la presidencia de la rep\u00fablica, para que se incluyan en las propuestas de planes de gobierno.<\/p>\n<p><strong>A grandes rasgos, los temas identificados<\/strong><\/p>\n<p>En el marco de la violencia desmedida que vive el pa\u00eds, inexorablemente aflora el tema de la violencia contra las mujeres y los femicidios. Esta, apuntan, sigue siendo una problem\u00e1tica multidimensional que carece de pol\u00edticas, estrategias integrales, econ\u00f3micas, sociales y culturales, para prevenirla y erradicarla.<\/p>\n<p>Aunque hay diversos tipos de violencia (f\u00edsica, patrimonial, emocional, etc.), las mujeres destacan el femicidio, como la forma extrema de violencia. \u201dEn los \u00faltimos ocho a\u00f1os se han ejecutado 3, 962 femicidios, de estos 463 han sido judicializados y \u00fanicamente en 2 casos se ha dictado sentencia condenatoria. En el a\u00f1o 2017 han asesinado 182 mujeres y en los \u00faltimos 10 d\u00edas, 18 mujeres\u201d, apunt\u00f3 Mar\u00eda Elena M\u00e9ndez, del Centro de Estudios de la Mujer (CEM-H). La mayor\u00eda de las muertes violentas de mujeres no han sido investigadas ni sometidas a juicios a los asesinos, lo que demuestra la impunidad por parte del Estado, de los delitos contra las mujeres, agreg\u00f3.<\/p>\n<p>La Privatizaci\u00f3n de los Servicios de Salud, los Derechos Sexuales y Reproductivos, con \u00e9nfasis en los embarazos adolescentes, es otro tema analizado por las mujeres organizadas, al igual que su participaci\u00f3n pol\u00edtica de los partidos pol\u00edticos, movimientos sociales, plataformas y espacios de articulaci\u00f3n.<\/p>\n<p>La feminizaci\u00f3n de la pobreza, es otro t\u00f3pico que integra la agenda. \u201cDe 2.2 millones de mujeres de la zona rural solo el 8% (176,000) poseen t\u00edtulo de tierra y un 1.3 millones padecen de hambre\u201d, sostuvo M\u00e9ndez, al valorar que la condici\u00f3n de mujer va aparejada a su condici\u00f3n social e ind\u00edgena, para formar\u00a0 una trilog\u00eda que agrava la situaci\u00f3n de las mujeres en el campo.<\/p>\n<p>La reflexi\u00f3n alrededor de este tema radica en que pese a que aportan con su esfuerzo y trabajo a la producci\u00f3n, al cuidado de la fuerza de trabajo, y que producen bienes materiales para la sostenibilidad del bienestar colectivo, las mujeres del campo siguen marginadas del acceso a la tierra, por las razones antes enunciadas.<\/p>\n<p>Destacan adem\u00e1s, t\u00f3pico como la Educaci\u00f3n Integral Gratuita, pues cuestionan la persistencia de un sistema educativo que mantiene precarias condiciones en los centros de ense\u00f1anza y la privatizaci\u00f3n de algunos servicios que ha obligado a las madres y padres de familia a retirar a sus hijos e hijas de las escuelas. De igual manera, que el sistema tiene algunas deficiencias, especialmente con coberturas, acceso y una educaci\u00f3n con calidad y libre de estereotipos.<\/p>\n<p>La propuesta en relaci\u00f3n con este tema, tambi\u00e9n va encaminada a que se genere una transformaci\u00f3n curricular que reconozca la diversidad cultural de los pueblos ind\u00edgenas y negros en sus diversas cosmovisiones (cultura e idiomas). En suma, la garant\u00eda de una educaci\u00f3n que cierre las brechas de desigualdad de las mujeres en relaci\u00f3n con los hombres, y que propicie equidad, no violencia y respeto hacia los derechos humanos de las mujeres.<\/p>\n<p>Entre otros, se cita tambi\u00e9n el tema Cuerpo, Tierra, Territorio y Bienes Comunes, y que se relaciona con las mujeres que integran las organizaciones campesinas, ind\u00edgenas y negras que en comunidades del interior del\u00a0 pa\u00eds defienden sus recursos naturales y territorios, del despojo violento por parte de empresas nacionales y transnacionales, particularmente mineras e hidroel\u00e9ctricas, que obtuvieron su concesi\u00f3n de forma inconsulta.<\/p>\n<p>En ese sentido, existe diversidad de denuncias de mujeres que son acosadas y violentadas en sus derechos, por parte de los cuerpos de seguridad (polic\u00edas y militares), los que se han convertido en sus perseguidores al recibir y cumplir \u00f3rdenes de las empresas a las que resguardan sus bienes.<\/p>\n<p><strong>El reto de las mujeres<\/strong><\/p>\n<p>Las organizaciones de mujeres y feministas iniciar\u00e1n a partir de agosto un proceso de incidencia para lograr que un acercamiento con los presidenciables, para que conozcan sus puntos de agenda y que se comprometan a incluirlos en sus propuestas de planes de gobierno.<\/p>\n<p>Anuncian, adem\u00e1s, que realizar\u00e1n un monitoreo de los discursos, opiniones, reflexiones y valoraciones que sobre los temas de la agenda de las mujeres, emitan los aspirantes a la presidencia durante el tiempo que dure la campa\u00f1a electoral. El objetivo es el de dar seguimiento al nivel de visibilidad y de compromiso genuino que mantengan en su campa\u00f1a con los temas vinculados con las mujeres y sus problem\u00e1ticas.<\/p>\n<p>Esta iniciativa se inscribe en el marco de la ejecuci\u00f3n de un proyecto financiado por Oxfam- Interm\u00f3n y la Agencia Espa\u00f1ola de Cooperaci\u00f3n Internacional para el Desarrollo \u2013AECID-, dos organizaciones que apoyan la incidencia de las organizaciones de las mujeres y feministas en la coyuntura electoral, en Honduras.<\/p>\n","protected":false},"excerpt":{"rendered":"<p>Llegaron desde diversos puntos del pa\u00eds, y con la energ\u00eda y la convicci\u00f3n que les caracteriza, decenas de mujeres debatieron sobre las problem\u00e1ticas que les aquejan. El resultado: el delineamiento y priorizaci\u00f3n de los temas de agenda que buscar\u00e1n, se incorporen en los planes de gobierno de los candidatos a la presidencia de Honduras. En el marco del contexto electoral, las mujeres organizadas comenzaron a crear y fortalecer espacios para la discusi\u00f3n de su propia agenda. En un primer encuentro se convoc\u00f3 a 68 representantes de 6 diversas Plataformas del Movimiento de Mujeres y Feministas. Ese enriquecedor proceso ha dado como resultado la identificaci\u00f3n de los grandes temas-problemas que enfrentan en el marco del contexto de pa\u00eds. La jornada fue de naturaleza participativa, en espacios de discusi\u00f3n con mesas de trabajo para la reflexi\u00f3n y la generaci\u00f3n de propuestas. Un segundo encuentro, igual de participativo que el primero, abon\u00f3 al afinamiento de los temas que ser\u00e1n los que se propondr\u00e1n a los candidatos o aspirantes a la presidencia de la rep\u00fablica, para que se incluyan en las propuestas de planes de gobierno. A grandes rasgos, los temas identificados En el marco de la violencia desmedida que vive el pa\u00eds, inexorablemente aflora el tema de la violencia contra las mujeres y los femicidios. Esta, apuntan, sigue siendo una problem\u00e1tica multidimensional que carece de pol\u00edticas, estrategias integrales, econ\u00f3micas, sociales y culturales, para prevenirla y erradicarla. Aunque hay diversos tipos de violencia (f\u00edsica, patrimonial, emocional, etc.), las mujeres destacan el femicidio, como la forma extrema de violencia. \u201dEn los \u00faltimos ocho a\u00f1os se han ejecutado 3, 962 femicidios, de estos 463 han sido judicializados y \u00fanicamente en 2 casos se ha dictado sentencia condenatoria. En el a\u00f1o 2017 han asesinado 182 mujeres y en los \u00faltimos 10 d\u00edas, 18 mujeres\u201d, apunt\u00f3 Mar\u00eda Elena M\u00e9ndez, del Centro de Estudios de la Mujer (CEM-H). La mayor\u00eda de las muertes violentas de mujeres no han sido investigadas ni sometidas a juicios a los asesinos, lo que demuestra la impunidad por parte del Estado, de los delitos contra las mujeres, agreg\u00f3. La Privatizaci\u00f3n de los Servicios de Salud, los Derechos Sexuales y Reproductivos, con \u00e9nfasis en los embarazos adolescentes, es otro tema analizado por las mujeres organizadas, al igual que su participaci\u00f3n pol\u00edtica de los partidos pol\u00edticos, movimientos sociales, plataformas y espacios de articulaci\u00f3n. La feminizaci\u00f3n de la pobreza, es otro t\u00f3pico que integra la agenda. \u201cDe 2.2 millones de mujeres de la zona rural solo el 8% (176,000) poseen t\u00edtulo de tierra y un 1.3 millones padecen de hambre\u201d, sostuvo M\u00e9ndez, al valorar que la condici\u00f3n de mujer va aparejada a su condici\u00f3n social e ind\u00edgena, para formar\u00a0 una trilog\u00eda que agrava la situaci\u00f3n de las mujeres en el campo. La reflexi\u00f3n alrededor de este tema radica en que pese a que aportan con su esfuerzo y trabajo a la producci\u00f3n, al cuidado de la fuerza de trabajo, y que producen bienes materiales para la sostenibilidad del bienestar colectivo, las mujeres del campo siguen marginadas del acceso a la tierra, por las razones antes enunciadas. Destacan adem\u00e1s, t\u00f3pico como la Educaci\u00f3n Integral Gratuita, pues cuestionan la persistencia de un sistema educativo que mantiene precarias condiciones en los centros de ense\u00f1anza y la privatizaci\u00f3n de algunos servicios que ha obligado a las madres y padres de familia a retirar a sus hijos e hijas de las escuelas. De igual manera, que el sistema tiene algunas deficiencias, especialmente con coberturas, acceso y una educaci\u00f3n con calidad y libre de estereotipos. La propuesta en relaci\u00f3n con este tema, tambi\u00e9n va encaminada a que se genere una transformaci\u00f3n curricular que reconozca la diversidad cultural de los pueblos ind\u00edgenas y negros en sus diversas cosmovisiones (cultura e idiomas). En suma, la garant\u00eda de una educaci\u00f3n que cierre las brechas de desigualdad de las mujeres en relaci\u00f3n con los hombres, y que propicie equidad, no violencia y respeto hacia los derechos humanos de las mujeres. Entre otros, se cita tambi\u00e9n el tema Cuerpo, Tierra, Territorio y Bienes Comunes, y que se relaciona con las mujeres que integran las organizaciones campesinas, ind\u00edgenas y negras que en comunidades del interior del\u00a0 pa\u00eds defienden sus recursos naturales y territorios, del despojo violento por parte de empresas nacionales y transnacionales, particularmente mineras e hidroel\u00e9ctricas, que obtuvieron su concesi\u00f3n de forma inconsulta. En ese sentido, existe diversidad de denuncias de mujeres que son acosadas y violentadas en sus derechos, por parte de los cuerpos de seguridad (polic\u00edas y militares), los que se han convertido en sus perseguidores al recibir y cumplir \u00f3rdenes de las empresas a las que resguardan sus bienes. El reto de las mujeres Las organizaciones de mujeres y feministas iniciar\u00e1n a partir de agosto un proceso de incidencia para lograr que un acercamiento con los presidenciables, para que conozcan sus puntos de agenda y que se comprometan a incluirlos en sus propuestas de planes de gobierno. Anuncian, adem\u00e1s, que realizar\u00e1n un monitoreo de los discursos, opiniones, reflexiones y valoraciones que sobre los temas de la agenda de las mujeres, emitan los aspirantes a la presidencia durante el tiempo que dure la campa\u00f1a electoral. El objetivo es el de dar seguimiento al nivel de visibilidad y de compromiso genuino que mantengan en su campa\u00f1a con los temas vinculados con las mujeres y sus problem\u00e1ticas. Esta iniciativa se inscribe en el marco de la ejecuci\u00f3n de un proyecto financiado por Oxfam- Interm\u00f3n y la Agencia Espa\u00f1ola de Cooperaci\u00f3n Internacional para el Desarrollo \u2013AECID-, dos organizaciones que apoyan la incidencia de las organizaciones de las mujeres y feministas en la coyuntura electoral, en Honduras.<\/p>\n","protected":false},"author":1,"featured_media":553,"comment_status":"closed","ping_status":"closed","sticky":false,"template":"","format":"standard","meta":{"footnotes":""},"categories":[9],"tags":[11,12,10],"class_list":["post-550","post","type-post","status-publish","format-standard","has-post-thumbnail","hentry","category-noticias","tag-cespad","tag-honduras","tag-mujeres"],"rttpg_featured_image_url":{"full":["https:\/\/cespad.org.hn\/mujeres\/wp-content\/uploads\/2026\/03\/WhatsApp-Image-2017-08-15-at-9.07.13-PM-696x522-2.jpeg",696,522,false],"landscape":["https:\/\/cespad.org.hn\/mujeres\/wp-content\/uploads\/2026\/03\/WhatsApp-Image-2017-08-15-at-9.07.13-PM-696x522-2.jpeg",696,522,false],"portraits":["https:\/\/cespad.org.hn\/mujeres\/wp-content\/uploads\/2026\/03\/WhatsApp-Image-2017-08-15-at-9.07.13-PM-696x522-2.jpeg",696,522,false],"thumbnail":["https:\/\/cespad.org.hn\/mujeres\/wp-content\/uploads\/2026\/03\/WhatsApp-Image-2017-08-15-at-9.07.13-PM-696x522-2-150x150.jpeg",150,150,true],"medium":["https:\/\/cespad.org.hn\/mujeres\/wp-content\/uploads\/2026\/03\/WhatsApp-Image-2017-08-15-at-9.07.13-PM-696x522-2-300x225.jpeg",300,225,true],"large":["https:\/\/cespad.org.hn\/mujeres\/wp-content\/uploads\/2026\/03\/WhatsApp-Image-2017-08-15-at-9.07.13-PM-696x522-2.jpeg",696,522,false],"1536x1536":["https:\/\/cespad.org.hn\/mujeres\/wp-content\/uploads\/2026\/03\/WhatsApp-Image-2017-08-15-at-9.07.13-PM-696x522-2.jpeg",696,522,false],"2048x2048":["https:\/\/cespad.org.hn\/mujeres\/wp-content\/uploads\/2026\/03\/WhatsApp-Image-2017-08-15-at-9.07.13-PM-696x522-2.jpeg",696,522,false],"mailpoet_newsletter_max":["https:\/\/cespad.org.hn\/mujeres\/wp-content\/uploads\/2026\/03\/WhatsApp-Image-2017-08-15-at-9.07.13-PM-696x522-2.jpeg",696,522,false]},"rttpg_author":{"display_name":"MUj2025","author_link":"https:\/\/cespad.org.hn\/mujeres\/author\/muj2025\/"},"rttpg_comment":0,"rttpg_category":"<a href=\"https:\/\/cespad.org.hn\/mujeres\/category\/noticias\/\" rel=\"category tag\">Noticias<\/a>","rttpg_excerpt":"Llegaron desde diversos puntos del pa\u00eds, y con la energ\u00eda y la convicci\u00f3n que les caracteriza, decenas de mujeres debatieron sobre las problem\u00e1ticas que les aquejan. El resultado: el delineamiento y priorizaci\u00f3n de los temas de agenda que buscar\u00e1n, se incorporen en los planes de gobierno de los candidatos a la presidencia de Honduras. En&hellip;","_links":{"self":[{"href":"https:\/\/cespad.org.hn\/mujeres\/wp-json\/wp\/v2\/posts\/550","targetHints":{"allow":["GET"]}}],"collection":[{"href":"https:\/\/cespad.org.hn\/mujeres\/wp-json\/wp\/v2\/posts"}],"about":[{"href":"https:\/\/cespad.org.hn\/mujeres\/wp-json\/wp\/v2\/types\/post"}],"author":[{"embeddable":true,"href":"https:\/\/cespad.org.hn\/mujeres\/wp-json\/wp\/v2\/users\/1"}],"replies":[{"embeddable":true,"href":"https:\/\/cespad.org.hn\/mujeres\/wp-json\/wp\/v2\/comments?post=550"}],"version-history":[{"count":1,"href":"https:\/\/cespad.org.hn\/mujeres\/wp-json\/wp\/v2\/posts\/550\/revisions"}],"predecessor-version":[{"id":554,"href":"https:\/\/cespad.org.hn\/mujeres\/wp-json\/wp\/v2\/posts\/550\/revisions\/554"}],"wp:featuredmedia":[{"embeddable":true,"href":"https:\/\/cespad.org.hn\/mujeres\/wp-json\/wp\/v2\/media\/553"}],"wp:attachment":[{"href":"https:\/\/cespad.org.hn\/mujeres\/wp-json\/wp\/v2\/media?parent=550"}],"wp:term":[{"taxonomy":"category","embeddable":true,"href":"https:\/\/cespad.org.hn\/mujeres\/wp-json\/wp\/v2\/categories?post=550"},{"taxonomy":"post_tag","embeddable":true,"href":"https:\/\/cespad.org.hn\/mujeres\/wp-json\/wp\/v2\/tags?post=550"}],"curies":[{"name":"wp","href":"https:\/\/api.w.org\/{rel}","templated":true}]}}