{"id":580,"date":"2017-08-28T19:57:56","date_gmt":"2017-08-28T19:57:56","guid":{"rendered":"https:\/\/cespad.org.hn\/mujeres\/?p=580"},"modified":"2026-03-27T18:37:07","modified_gmt":"2026-03-27T18:37:07","slug":"movimiento-de-mujeres-y-feministas-lanzan-agenda-politica-y-vigilaran-compromisos-de-presidenciables-con-la-problematica-de-las-mujeres","status":"publish","type":"post","link":"https:\/\/cespad.org.hn\/mujeres\/movimiento-de-mujeres-y-feministas-lanzan-agenda-politica-y-vigilaran-compromisos-de-presidenciables-con-la-problematica-de-las-mujeres\/","title":{"rendered":"Movimiento de Mujeres y Feministas lanzan Agenda Pol\u00edtica y vigilar\u00e1n compromisos de presidenciables con la problem\u00e1tica de las mujeres"},"content":{"rendered":"<p>Las mujeres y feministas organizadas de Honduras, dieron a conocer este d\u00eda los siete puntos de su Agenda Pol\u00edtica, la que hace una radiograf\u00eda de las problem\u00e1ticas que aquejan a las mujeres a nivel nacional. A este evento fueron invitados los aspirantes a la Presidencia de la Rep\u00fablica en el marco del pr\u00f3ximo proceso electoral, con el objetivo de incidir en sus propuestas de planes de gobierno, darles seguimiento y medir el nivel de inter\u00e9s y de cumplimiento ante su problem\u00e1tica.<\/p>\n<p>Luego del lanzamiento de la Agenda, las mujeres iniciar\u00e1n un proceso de incidencia para lograr el compromiso, particularmente de los candidatos a la Presidencia de los principales partidos y agrupaciones pol\u00edticas: Luis Zelaya, del Partido Liberal, Salvador Nasralla, de la Alianza de Oposici\u00f3n y Juan Orlando Hern\u00e1ndez, del Partido Nacional.<\/p>\n<p>Para construir la agenda, unas 25 organizaciones de mujeres, feministas y redes de mujeres realizaron varios encuentros y jornadas de trabajo en los que se analizaron las problem\u00e1ticas que enfrentan las mujeres hondure\u00f1as, en el marco del contexto de pa\u00eds. El resultado fue la construcci\u00f3n de objetivos, indicadores y una propuesta o alternativa de soluci\u00f3n concreta, en los siguientes temas: Educaci\u00f3n Integral Gratuita, Laica y No Sexista; Fortalecimiento de la Institucionalidad y Presupuesto desde la Perspectiva G\u00e9nero; Feminizaci\u00f3n de la Pobreza (acceso a la tierra, cr\u00e9dito y vivienda), Participaci\u00f3n Pol\u00edtica y Ciudadana de las Mujeres, y Salud Sexual y Salud Reproductiva de las Mujeres; Tierra, Territorio y Bienes Comunes y Violencia Contra las Mujeres y Femicidios.<\/p>\n<p><img fetchpriority=\"high\" decoding=\"async\" class=\"wp-image-1037 alignright td-animation-stack-type0-1\" src=\"http:\/\/cespad.org.hn\/wp-content\/uploads\/2017\/08\/WhatsApp-Image-2017-08-28-at-9.41.33-AM-300x225.jpeg\" sizes=\"(max-width: 307px) 100vw, 307px\" srcset=\"https:\/\/v1.cespad.org.hn\/wp-content\/uploads\/2017\/08\/WhatsApp-Image-2017-08-28-at-9.41.33-AM-300x225.jpeg 300w, https:\/\/v1.cespad.org.hn\/wp-content\/uploads\/2017\/08\/WhatsApp-Image-2017-08-28-at-9.41.33-AM-768x576.jpeg 768w, https:\/\/v1.cespad.org.hn\/wp-content\/uploads\/2017\/08\/WhatsApp-Image-2017-08-28-at-9.41.33-AM-1024x768.jpeg 1024w, https:\/\/v1.cespad.org.hn\/wp-content\/uploads\/2017\/08\/WhatsApp-Image-2017-08-28-at-9.41.33-AM-80x60.jpeg 80w, https:\/\/v1.cespad.org.hn\/wp-content\/uploads\/2017\/08\/WhatsApp-Image-2017-08-28-at-9.41.33-AM-265x198.jpeg 265w, https:\/\/v1.cespad.org.hn\/wp-content\/uploads\/2017\/08\/WhatsApp-Image-2017-08-28-at-9.41.33-AM-696x522.jpeg 696w, https:\/\/v1.cespad.org.hn\/wp-content\/uploads\/2017\/08\/WhatsApp-Image-2017-08-28-at-9.41.33-AM-1068x801.jpeg 1068w, https:\/\/v1.cespad.org.hn\/wp-content\/uploads\/2017\/08\/WhatsApp-Image-2017-08-28-at-9.41.33-AM-560x420.jpeg 560w, https:\/\/v1.cespad.org.hn\/wp-content\/uploads\/2017\/08\/WhatsApp-Image-2017-08-28-at-9.41.33-AM.jpeg 1280w\" alt=\"\" width=\"307\" height=\"230\" \/><\/p>\n<p>Aparte de la socializaci\u00f3n p\u00fablica que este d\u00eda hicieron de la Agenda, las mujeres y feministas anuncian que iniciar\u00e1n a partir del mes de agosto un proceso de incidencia para lograr un acercamiento con los presidenciables, para que conozcan sus puntos de Agenda y que se comprometan a incluirlos en sus propuestas de planes de gobierno.<\/p>\n<p>\u201cEstamos cansadas de que las problem\u00e1ticas de las mujeres sigan invisibilizadas y marginadas de los planes de gobierno. Por eso vigilaremos a los presidenciables; daremos a conocer los resultados de sus compromisos de forma peri\u00f3dica y exhortaremos a que las mujeres del pa\u00eds no voten por quienes no nos tomen en cuenta\u201d, sostuvo Suyapa Mart\u00ednez, Directora del Centro de Estudios de la Mujer-Honduras (CEM-H).<\/p>\n<p><strong>Con Pol\u00e9tikaH vigilar\u00e1n discursos y compromisos de los presidenciables<\/strong><\/p>\n<p>El trabajo que realizar\u00e1n las mujeres para posicionar su Agenda, ir\u00e1 acompa\u00f1ado, en esta oportunidad, de la vigilancia diaria de las opiniones, los discursos, las promesas y los compromisos de los presidenciables a trav\u00e9s de Pol\u00e9tikaH, una plataforma virtual que ser\u00e1 una herramienta digital de informaci\u00f3n que estar\u00e1 disponible para la opini\u00f3n p\u00fablica.<\/p>\n<p><img decoding=\"async\" class=\"size-medium wp-image-1034 alignleft td-animation-stack-type0-1\" src=\"http:\/\/cespad.org.hn\/wp-content\/uploads\/2017\/08\/WhatsApp-Image-2017-08-28-at-9.41.38-AM-1-300x225.jpeg\" sizes=\"(max-width: 300px) 100vw, 300px\" srcset=\"https:\/\/v1.cespad.org.hn\/wp-content\/uploads\/2017\/08\/WhatsApp-Image-2017-08-28-at-9.41.38-AM-1-300x225.jpeg 300w, https:\/\/v1.cespad.org.hn\/wp-content\/uploads\/2017\/08\/WhatsApp-Image-2017-08-28-at-9.41.38-AM-1-768x576.jpeg 768w, https:\/\/v1.cespad.org.hn\/wp-content\/uploads\/2017\/08\/WhatsApp-Image-2017-08-28-at-9.41.38-AM-1-1024x768.jpeg 1024w, https:\/\/v1.cespad.org.hn\/wp-content\/uploads\/2017\/08\/WhatsApp-Image-2017-08-28-at-9.41.38-AM-1-80x60.jpeg 80w, https:\/\/v1.cespad.org.hn\/wp-content\/uploads\/2017\/08\/WhatsApp-Image-2017-08-28-at-9.41.38-AM-1-265x198.jpeg 265w, https:\/\/v1.cespad.org.hn\/wp-content\/uploads\/2017\/08\/WhatsApp-Image-2017-08-28-at-9.41.38-AM-1-696x522.jpeg 696w, https:\/\/v1.cespad.org.hn\/wp-content\/uploads\/2017\/08\/WhatsApp-Image-2017-08-28-at-9.41.38-AM-1-1068x801.jpeg 1068w, https:\/\/v1.cespad.org.hn\/wp-content\/uploads\/2017\/08\/WhatsApp-Image-2017-08-28-at-9.41.38-AM-1-560x420.jpeg 560w, https:\/\/v1.cespad.org.hn\/wp-content\/uploads\/2017\/08\/WhatsApp-Image-2017-08-28-at-9.41.38-AM-1.jpeg 1280w\" alt=\"\" width=\"300\" height=\"225\" \/>En la plataforma Pol\u00e9tikaH, la ciudadan\u00eda podr\u00e1 dar seguimiento a la importancia, e inter\u00e9s que los aspirantes le den a los temas de la Agenda de las mujeres. Lo que buscan, afirman, es obtener el compromiso p\u00fablico de quien finalmente alcance la presidencia de la Rep\u00fablica, con el objetivo que se atiendan las necesidades de las mujeres a nivel nacional.<\/p>\n<p>Esta iniciativa de las Plataformas y organizaciones de mujeres y feministas no s\u00f3lo se enmarca en la incidencia hacia candidatos a la Presidencia, sino tambi\u00e9n hacia candidatos y candidatas en diferentes niveles electivos y hacia funcionarias y funcionarios p\u00fablicos de las\u00a0 instituciones gubernamentales.<\/p>\n","protected":false},"excerpt":{"rendered":"<p>Las mujeres y feministas organizadas de Honduras, dieron a conocer este d\u00eda los siete puntos de su Agenda Pol\u00edtica, la que hace una radiograf\u00eda de las problem\u00e1ticas que aquejan a las mujeres a nivel nacional. A este evento fueron invitados los aspirantes a la Presidencia de la Rep\u00fablica en el marco del pr\u00f3ximo proceso electoral, con el objetivo de incidir en sus propuestas de planes de gobierno, darles seguimiento y medir el nivel de inter\u00e9s y de cumplimiento ante su problem\u00e1tica. Luego del lanzamiento de la Agenda, las mujeres iniciar\u00e1n un proceso de incidencia para lograr el compromiso, particularmente de los candidatos a la Presidencia de los principales partidos y agrupaciones pol\u00edticas: Luis Zelaya, del Partido Liberal, Salvador Nasralla, de la Alianza de Oposici\u00f3n y Juan Orlando Hern\u00e1ndez, del Partido Nacional. Para construir la agenda, unas 25 organizaciones de mujeres, feministas y redes de mujeres realizaron varios encuentros y jornadas de trabajo en los que se analizaron las problem\u00e1ticas que enfrentan las mujeres hondure\u00f1as, en el marco del contexto de pa\u00eds. El resultado fue la construcci\u00f3n de objetivos, indicadores y una propuesta o alternativa de soluci\u00f3n concreta, en los siguientes temas: Educaci\u00f3n Integral Gratuita, Laica y No Sexista; Fortalecimiento de la Institucionalidad y Presupuesto desde la Perspectiva G\u00e9nero; Feminizaci\u00f3n de la Pobreza (acceso a la tierra, cr\u00e9dito y vivienda), Participaci\u00f3n Pol\u00edtica y Ciudadana de las Mujeres, y Salud Sexual y Salud Reproductiva de las Mujeres; Tierra, Territorio y Bienes Comunes y Violencia Contra las Mujeres y Femicidios. Aparte de la socializaci\u00f3n p\u00fablica que este d\u00eda hicieron de la Agenda, las mujeres y feministas anuncian que iniciar\u00e1n a partir del mes de agosto un proceso de incidencia para lograr un acercamiento con los presidenciables, para que conozcan sus puntos de Agenda y que se comprometan a incluirlos en sus propuestas de planes de gobierno. \u201cEstamos cansadas de que las problem\u00e1ticas de las mujeres sigan invisibilizadas y marginadas de los planes de gobierno. Por eso vigilaremos a los presidenciables; daremos a conocer los resultados de sus compromisos de forma peri\u00f3dica y exhortaremos a que las mujeres del pa\u00eds no voten por quienes no nos tomen en cuenta\u201d, sostuvo Suyapa Mart\u00ednez, Directora del Centro de Estudios de la Mujer-Honduras (CEM-H). Con Pol\u00e9tikaH vigilar\u00e1n discursos y compromisos de los presidenciables El trabajo que realizar\u00e1n las mujeres para posicionar su Agenda, ir\u00e1 acompa\u00f1ado, en esta oportunidad, de la vigilancia diaria de las opiniones, los discursos, las promesas y los compromisos de los presidenciables a trav\u00e9s de Pol\u00e9tikaH, una plataforma virtual que ser\u00e1 una herramienta digital de informaci\u00f3n que estar\u00e1 disponible para la opini\u00f3n p\u00fablica. En la plataforma Pol\u00e9tikaH, la ciudadan\u00eda podr\u00e1 dar seguimiento a la importancia, e inter\u00e9s que los aspirantes le den a los temas de la Agenda de las mujeres. Lo que buscan, afirman, es obtener el compromiso p\u00fablico de quien finalmente alcance la presidencia de la Rep\u00fablica, con el objetivo que se atiendan las necesidades de las mujeres a nivel nacional. Esta iniciativa de las Plataformas y organizaciones de mujeres y feministas no s\u00f3lo se enmarca en la incidencia hacia candidatos a la Presidencia, sino tambi\u00e9n hacia candidatos y candidatas en diferentes niveles electivos y hacia funcionarias y funcionarios p\u00fablicos de las\u00a0 instituciones gubernamentales.<\/p>\n","protected":false},"author":1,"featured_media":583,"comment_status":"closed","ping_status":"closed","sticky":false,"template":"","format":"standard","meta":{"footnotes":""},"categories":[14],"tags":[11,12,10],"class_list":["post-580","post","type-post","status-publish","format-standard","has-post-thumbnail","hentry","category-eventos","tag-cespad","tag-honduras","tag-mujeres"],"rttpg_featured_image_url":{"full":["https:\/\/cespad.org.hn\/mujeres\/wp-content\/uploads\/2026\/03\/Diseno-sin-titulo-696x392-1.jpg",696,392,false],"landscape":["https:\/\/cespad.org.hn\/mujeres\/wp-content\/uploads\/2026\/03\/Diseno-sin-titulo-696x392-1.jpg",696,392,false],"portraits":["https:\/\/cespad.org.hn\/mujeres\/wp-content\/uploads\/2026\/03\/Diseno-sin-titulo-696x392-1.jpg",696,392,false],"thumbnail":["https:\/\/cespad.org.hn\/mujeres\/wp-content\/uploads\/2026\/03\/Diseno-sin-titulo-696x392-1-150x150.jpg",150,150,true],"medium":["https:\/\/cespad.org.hn\/mujeres\/wp-content\/uploads\/2026\/03\/Diseno-sin-titulo-696x392-1-300x169.jpg",300,169,true],"large":["https:\/\/cespad.org.hn\/mujeres\/wp-content\/uploads\/2026\/03\/Diseno-sin-titulo-696x392-1.jpg",696,392,false],"1536x1536":["https:\/\/cespad.org.hn\/mujeres\/wp-content\/uploads\/2026\/03\/Diseno-sin-titulo-696x392-1.jpg",696,392,false],"2048x2048":["https:\/\/cespad.org.hn\/mujeres\/wp-content\/uploads\/2026\/03\/Diseno-sin-titulo-696x392-1.jpg",696,392,false],"mailpoet_newsletter_max":["https:\/\/cespad.org.hn\/mujeres\/wp-content\/uploads\/2026\/03\/Diseno-sin-titulo-696x392-1.jpg",696,392,false]},"rttpg_author":{"display_name":"MUj2025","author_link":"https:\/\/cespad.org.hn\/mujeres\/author\/muj2025\/"},"rttpg_comment":0,"rttpg_category":"<a href=\"https:\/\/cespad.org.hn\/mujeres\/category\/eventos\/\" rel=\"category tag\">Eventos<\/a>","rttpg_excerpt":"Las mujeres y feministas organizadas de Honduras, dieron a conocer este d\u00eda los siete puntos de su Agenda Pol\u00edtica, la que hace una radiograf\u00eda de las problem\u00e1ticas que aquejan a las mujeres a nivel nacional. A este evento fueron invitados los aspirantes a la Presidencia de la Rep\u00fablica en el marco del pr\u00f3ximo proceso electoral,&hellip;","_links":{"self":[{"href":"https:\/\/cespad.org.hn\/mujeres\/wp-json\/wp\/v2\/posts\/580","targetHints":{"allow":["GET"]}}],"collection":[{"href":"https:\/\/cespad.org.hn\/mujeres\/wp-json\/wp\/v2\/posts"}],"about":[{"href":"https:\/\/cespad.org.hn\/mujeres\/wp-json\/wp\/v2\/types\/post"}],"author":[{"embeddable":true,"href":"https:\/\/cespad.org.hn\/mujeres\/wp-json\/wp\/v2\/users\/1"}],"replies":[{"embeddable":true,"href":"https:\/\/cespad.org.hn\/mujeres\/wp-json\/wp\/v2\/comments?post=580"}],"version-history":[{"count":1,"href":"https:\/\/cespad.org.hn\/mujeres\/wp-json\/wp\/v2\/posts\/580\/revisions"}],"predecessor-version":[{"id":584,"href":"https:\/\/cespad.org.hn\/mujeres\/wp-json\/wp\/v2\/posts\/580\/revisions\/584"}],"wp:featuredmedia":[{"embeddable":true,"href":"https:\/\/cespad.org.hn\/mujeres\/wp-json\/wp\/v2\/media\/583"}],"wp:attachment":[{"href":"https:\/\/cespad.org.hn\/mujeres\/wp-json\/wp\/v2\/media?parent=580"}],"wp:term":[{"taxonomy":"category","embeddable":true,"href":"https:\/\/cespad.org.hn\/mujeres\/wp-json\/wp\/v2\/categories?post=580"},{"taxonomy":"post_tag","embeddable":true,"href":"https:\/\/cespad.org.hn\/mujeres\/wp-json\/wp\/v2\/tags?post=580"}],"curies":[{"name":"wp","href":"https:\/\/api.w.org\/{rel}","templated":true}]}}