{"id":841,"date":"2026-02-20T18:09:30","date_gmt":"2026-02-20T18:09:30","guid":{"rendered":"https:\/\/cespad.org.hn\/mujeres\/?p=841"},"modified":"2026-03-27T18:09:50","modified_gmt":"2026-03-27T18:09:50","slug":"lideresas-rurales-del-departamento-de-la-paz-fortalecen-las-capacidades-de-mujeres-en-sus-redes-comunitarias","status":"publish","type":"post","link":"https:\/\/cespad.org.hn\/mujeres\/lideresas-rurales-del-departamento-de-la-paz-fortalecen-las-capacidades-de-mujeres-en-sus-redes-comunitarias\/","title":{"rendered":"Lideresas rurales del departamento de La Paz fortalecen las capacidades de mujeres en sus redes comunitarias"},"content":{"rendered":"<p><em>Escrito por Paula Servell\u00f3n<\/em><\/p>\n<p>Sentadas en grupos y con cuestionarios en mano, las mujeres de las redes de Marcala, La Paz y Santa Mar\u00eda comenzaron a responder preguntas clave la importancia de sus liderazgos en sus comunidades. Sus respuestas marcaron el inicio de las jornadas de intercambio de conocimientos de la escuela \u201cTejiendo Liderazgos\u201d, un espacio donde lideresas rurales compartieron reflexiones fundamentales acerca de la importancia de su voz en la defensa de derechos de las mujeres.<\/p>\n<p>En este y otros encuentros, diversas lideresas rurales que participaron en la Escuela para Lideresas Rurales \u201c<em>Tejiendo Liderazgos<\/em>\u201d, impulsada por el proyecto\u00a0<strong>Nosotras<\/strong><strong>\u00a0Construyendo Democracia<\/strong>, llevaron a cabo jornadas de r\u00e9plica de conocimientos con redes de mujeres en comunidades de Marcala, La Paz y Santa Mar\u00eda.<\/p>\n<p>Durante las jornadas, cinco facilitadoras compartieron conocimientos sobre los principios del liderazgo feminista, valores y su aplicaci\u00f3n en el trabajo territorial. A trav\u00e9s de metodolog\u00edas participativas, se promovi\u00f3 la reflexi\u00f3n sobre c\u00f3mo estos principios se manifiestan en la labor comunitaria de las lideresas, permiti\u00e9ndoles valorar sus acciones de acompa\u00f1amiento, defensa de derechos y organizaci\u00f3n colectiva.<\/p>\n<p>\u201c<em>Al participar en estos espacios uno aprende que como mujeres tenemos derechos y deberes, y que no debemos ser despreciadas ni desvalorizadas en ning\u00fan lugar<\/em>\u201d, comparti\u00f3 Dunia Gonz\u00e1lez, lideresa rural de Marcala, reconociendo as\u00ed la importancia de su rol dentro de la comunidad.<\/p>\n<p>Asimismo, las facilitadoras abordaron la defensa de los derechos de las mujeres, profundizando en uno de los temas que m\u00e1s preocupa a las redes comunitarias: la violencia contra las mujeres. Desde el enfoque del liderazgo femenino, reflexionaron sobre los tipos de violencia existentes y la necesidad urgente de impulsar acciones colectivas y de incidir en los tomadores de decisi\u00f3n para desarrollar iniciativas que prevengan y erradicaci\u00f3n esta problem\u00e1tica en los territorios.<\/p>\n<p>\u201c<em>Antes muchas mujeres no denunciaban, hoy lo hacen porque conocen sus derechos. Estas capacitaciones ayudan a que pierdan el miedo y puedan defenderse<\/em>\u201d, afirm\u00f3 Fidelina \u00c1vila, integrante de la Red de Mujeres de Marcala.<\/p>\n<p>En un contexto donde la representaci\u00f3n pol\u00edtica de las mujeres contin\u00faa siendo limitada, con solo 37 diputadas y 19 como alcaldesas<a href=\"https:\/\/cespad.org.hn\/lideresas-rurales-del-departamento-de-la-paz-fortalecen-las-capacidades-de-mujeres-en-sus-redes-comunitarias\/#_ftn1\" name=\"_ftnref1\">[1]\u00a0<\/a><a href=\"https:\/\/cespad.org.hn\/lideresas-rurales-del-departamento-de-la-paz-fortalecen-las-capacidades-de-mujeres-en-sus-redes-comunitarias\/#_ftnref1\" name=\"_ftn1\"><\/a>(a pesar de que constituyen el 53 % de la poblaci\u00f3n), resulta m\u00e1s que urgente potenciar sus capacidades para una participaci\u00f3n pol\u00edtico-social plena.<\/p>\n<p>Esta realidad se vincula a\u00fan m\u00e1s con las demandas de la nueva\u00a0<em>Agenda de las Mujeres y Feministas de Honduras 2026-2029<\/em>, que exhorta a las instituciones a reforzar su compromiso con los derechos de las mujeres mediante el fortalecimiento institucional con enfoque de g\u00e9nero, la prevenci\u00f3n y sanci\u00f3n de la violencia y los femicidios, la promoci\u00f3n de su participaci\u00f3n pol\u00edtica y el impulso de su autonom\u00eda econ\u00f3mica y acceso a medios de vida.<\/p>\n<p>Las r\u00e9plicas de estas acciones forman parte del proyecto\u00a0<em>\u201cNosotras Construyendo Democracia: Ciudadan\u00eda Activa de las Mujeres en Honduras\u201d<\/em>, impulsado por el Centro de Estudios de la Mujer\u2013Honduras (CEM-H), el Centro de Estudios para la Democracia (CESPAD) y Oxfam Honduras, con el apoyo de la Agencia Espa\u00f1ola de Cooperaci\u00f3n Internacional para el Desarrollo (AECID). Esta iniciativa busca fortalecer la democracia y promover pol\u00edticas p\u00fablicas a favor de la igualdad y la inclusi\u00f3n de las mujeres, creando espacios donde su participaci\u00f3n sea reconocida y sus demandas integradas en la agenda municipal y nacional.<\/p>\n<p><a href=\"https:\/\/cespad.org.hn\/lideresas-rurales-del-departamento-de-la-paz-fortalecen-las-capacidades-de-mujeres-en-sus-redes-comunitarias\/#_ftnref1\" name=\"_ftn1\">[1]<\/a>\u00a0Basado en datos oficiales del Consejo Nacional Electoral (CNE), a partir del sistema de Transmisi\u00f3n de Resultados\u00a0Electorales\u00a0Preliminares\u00a0(TREP).<\/p>\n","protected":false},"excerpt":{"rendered":"<p>Escrito por Paula Servell\u00f3n Sentadas en grupos y con cuestionarios en mano, las mujeres de las redes de Marcala, La Paz y Santa Mar\u00eda comenzaron a responder preguntas clave la importancia de sus liderazgos en sus comunidades. Sus respuestas marcaron el inicio de las jornadas de intercambio de conocimientos de la escuela \u201cTejiendo Liderazgos\u201d, un espacio donde lideresas rurales compartieron reflexiones fundamentales acerca de la importancia de su voz en la defensa de derechos de las mujeres. En este y otros encuentros, diversas lideresas rurales que participaron en la Escuela para Lideresas Rurales \u201cTejiendo Liderazgos\u201d, impulsada por el proyecto\u00a0Nosotras\u00a0Construyendo Democracia, llevaron a cabo jornadas de r\u00e9plica de conocimientos con redes de mujeres en comunidades de Marcala, La Paz y Santa Mar\u00eda. Durante las jornadas, cinco facilitadoras compartieron conocimientos sobre los principios del liderazgo feminista, valores y su aplicaci\u00f3n en el trabajo territorial. A trav\u00e9s de metodolog\u00edas participativas, se promovi\u00f3 la reflexi\u00f3n sobre c\u00f3mo estos principios se manifiestan en la labor comunitaria de las lideresas, permiti\u00e9ndoles valorar sus acciones de acompa\u00f1amiento, defensa de derechos y organizaci\u00f3n colectiva. \u201cAl participar en estos espacios uno aprende que como mujeres tenemos derechos y deberes, y que no debemos ser despreciadas ni desvalorizadas en ning\u00fan lugar\u201d, comparti\u00f3 Dunia Gonz\u00e1lez, lideresa rural de Marcala, reconociendo as\u00ed la importancia de su rol dentro de la comunidad. Asimismo, las facilitadoras abordaron la defensa de los derechos de las mujeres, profundizando en uno de los temas que m\u00e1s preocupa a las redes comunitarias: la violencia contra las mujeres. Desde el enfoque del liderazgo femenino, reflexionaron sobre los tipos de violencia existentes y la necesidad urgente de impulsar acciones colectivas y de incidir en los tomadores de decisi\u00f3n para desarrollar iniciativas que prevengan y erradicaci\u00f3n esta problem\u00e1tica en los territorios. \u201cAntes muchas mujeres no denunciaban, hoy lo hacen porque conocen sus derechos. Estas capacitaciones ayudan a que pierdan el miedo y puedan defenderse\u201d, afirm\u00f3 Fidelina \u00c1vila, integrante de la Red de Mujeres de Marcala. En un contexto donde la representaci\u00f3n pol\u00edtica de las mujeres contin\u00faa siendo limitada, con solo 37 diputadas y 19 como alcaldesas[1]\u00a0(a pesar de que constituyen el 53 % de la poblaci\u00f3n), resulta m\u00e1s que urgente potenciar sus capacidades para una participaci\u00f3n pol\u00edtico-social plena. Esta realidad se vincula a\u00fan m\u00e1s con las demandas de la nueva\u00a0Agenda de las Mujeres y Feministas de Honduras 2026-2029, que exhorta a las instituciones a reforzar su compromiso con los derechos de las mujeres mediante el fortalecimiento institucional con enfoque de g\u00e9nero, la prevenci\u00f3n y sanci\u00f3n de la violencia y los femicidios, la promoci\u00f3n de su participaci\u00f3n pol\u00edtica y el impulso de su autonom\u00eda econ\u00f3mica y acceso a medios de vida. Las r\u00e9plicas de estas acciones forman parte del proyecto\u00a0\u201cNosotras Construyendo Democracia: Ciudadan\u00eda Activa de las Mujeres en Honduras\u201d, impulsado por el Centro de Estudios de la Mujer\u2013Honduras (CEM-H), el Centro de Estudios para la Democracia (CESPAD) y Oxfam Honduras, con el apoyo de la Agencia Espa\u00f1ola de Cooperaci\u00f3n Internacional para el Desarrollo (AECID). Esta iniciativa busca fortalecer la democracia y promover pol\u00edticas p\u00fablicas a favor de la igualdad y la inclusi\u00f3n de las mujeres, creando espacios donde su participaci\u00f3n sea reconocida y sus demandas integradas en la agenda municipal y nacional. [1]\u00a0Basado en datos oficiales del Consejo Nacional Electoral (CNE), a partir del sistema de Transmisi\u00f3n de Resultados\u00a0Electorales\u00a0Preliminares\u00a0(TREP).<\/p>\n","protected":false},"author":1,"featured_media":844,"comment_status":"closed","ping_status":"closed","sticky":false,"template":"","format":"standard","meta":{"footnotes":""},"categories":[14],"tags":[11,12,10],"class_list":["post-841","post","type-post","status-publish","format-standard","has-post-thumbnail","hentry","category-eventos","tag-cespad","tag-honduras","tag-mujeres"],"rttpg_featured_image_url":{"full":["https:\/\/cespad.org.hn\/mujeres\/wp-content\/uploads\/2026\/03\/PORTADA-NOTA-DE-PRENSE-REPLICAS-SANTA-MARIA-MARCALA-Y-LA-PAZ.png",1200,720,false],"landscape":["https:\/\/cespad.org.hn\/mujeres\/wp-content\/uploads\/2026\/03\/PORTADA-NOTA-DE-PRENSE-REPLICAS-SANTA-MARIA-MARCALA-Y-LA-PAZ.png",1200,720,false],"portraits":["https:\/\/cespad.org.hn\/mujeres\/wp-content\/uploads\/2026\/03\/PORTADA-NOTA-DE-PRENSE-REPLICAS-SANTA-MARIA-MARCALA-Y-LA-PAZ.png",1200,720,false],"thumbnail":["https:\/\/cespad.org.hn\/mujeres\/wp-content\/uploads\/2026\/03\/PORTADA-NOTA-DE-PRENSE-REPLICAS-SANTA-MARIA-MARCALA-Y-LA-PAZ-150x150.png",150,150,true],"medium":["https:\/\/cespad.org.hn\/mujeres\/wp-content\/uploads\/2026\/03\/PORTADA-NOTA-DE-PRENSE-REPLICAS-SANTA-MARIA-MARCALA-Y-LA-PAZ-300x180.png",300,180,true],"large":["https:\/\/cespad.org.hn\/mujeres\/wp-content\/uploads\/2026\/03\/PORTADA-NOTA-DE-PRENSE-REPLICAS-SANTA-MARIA-MARCALA-Y-LA-PAZ-1024x614.png",960,576,true],"1536x1536":["https:\/\/cespad.org.hn\/mujeres\/wp-content\/uploads\/2026\/03\/PORTADA-NOTA-DE-PRENSE-REPLICAS-SANTA-MARIA-MARCALA-Y-LA-PAZ.png",1200,720,false],"2048x2048":["https:\/\/cespad.org.hn\/mujeres\/wp-content\/uploads\/2026\/03\/PORTADA-NOTA-DE-PRENSE-REPLICAS-SANTA-MARIA-MARCALA-Y-LA-PAZ.png",1200,720,false],"mailpoet_newsletter_max":["https:\/\/cespad.org.hn\/mujeres\/wp-content\/uploads\/2026\/03\/PORTADA-NOTA-DE-PRENSE-REPLICAS-SANTA-MARIA-MARCALA-Y-LA-PAZ.png",1200,720,false]},"rttpg_author":{"display_name":"MUj2025","author_link":"https:\/\/cespad.org.hn\/mujeres\/author\/muj2025\/"},"rttpg_comment":0,"rttpg_category":"<a href=\"https:\/\/cespad.org.hn\/mujeres\/category\/eventos\/\" rel=\"category tag\">Eventos<\/a>","rttpg_excerpt":"Escrito por Paula Servell\u00f3n Sentadas en grupos y con cuestionarios en mano, las mujeres de las redes de Marcala, La Paz y Santa Mar\u00eda comenzaron a responder preguntas clave la importancia de sus liderazgos en sus comunidades. Sus respuestas marcaron el inicio de las jornadas de intercambio de conocimientos de la escuela \u201cTejiendo Liderazgos\u201d, un&hellip;","_links":{"self":[{"href":"https:\/\/cespad.org.hn\/mujeres\/wp-json\/wp\/v2\/posts\/841","targetHints":{"allow":["GET"]}}],"collection":[{"href":"https:\/\/cespad.org.hn\/mujeres\/wp-json\/wp\/v2\/posts"}],"about":[{"href":"https:\/\/cespad.org.hn\/mujeres\/wp-json\/wp\/v2\/types\/post"}],"author":[{"embeddable":true,"href":"https:\/\/cespad.org.hn\/mujeres\/wp-json\/wp\/v2\/users\/1"}],"replies":[{"embeddable":true,"href":"https:\/\/cespad.org.hn\/mujeres\/wp-json\/wp\/v2\/comments?post=841"}],"version-history":[{"count":1,"href":"https:\/\/cespad.org.hn\/mujeres\/wp-json\/wp\/v2\/posts\/841\/revisions"}],"predecessor-version":[{"id":845,"href":"https:\/\/cespad.org.hn\/mujeres\/wp-json\/wp\/v2\/posts\/841\/revisions\/845"}],"wp:featuredmedia":[{"embeddable":true,"href":"https:\/\/cespad.org.hn\/mujeres\/wp-json\/wp\/v2\/media\/844"}],"wp:attachment":[{"href":"https:\/\/cespad.org.hn\/mujeres\/wp-json\/wp\/v2\/media?parent=841"}],"wp:term":[{"taxonomy":"category","embeddable":true,"href":"https:\/\/cespad.org.hn\/mujeres\/wp-json\/wp\/v2\/categories?post=841"},{"taxonomy":"post_tag","embeddable":true,"href":"https:\/\/cespad.org.hn\/mujeres\/wp-json\/wp\/v2\/tags?post=841"}],"curies":[{"name":"wp","href":"https:\/\/api.w.org\/{rel}","templated":true}]}}