{"id":849,"date":"2026-02-06T18:12:13","date_gmt":"2026-02-06T18:12:13","guid":{"rendered":"https:\/\/cespad.org.hn\/mujeres\/?p=849"},"modified":"2026-03-27T18:13:22","modified_gmt":"2026-03-27T18:13:22","slug":"lideresas-de-redes-de-mujeres-fortalecen-las-capacidades-de-incidencia-politica-en-sus-comunidades","status":"publish","type":"post","link":"https:\/\/cespad.org.hn\/mujeres\/lideresas-de-redes-de-mujeres-fortalecen-las-capacidades-de-incidencia-politica-en-sus-comunidades\/","title":{"rendered":"Lideresas de redes de mujeres fortalecen las capacidades de incidencia pol\u00edtica en sus comunidades"},"content":{"rendered":"<p><strong>Escrito por Paula Servell\u00f3n<\/strong><\/p>\n<p>En un contexto marcado por profundas desigualdades y barreras estructurales que hist\u00f3ricamente han limitado el acceso de las mujeres a los espacios de toma de decisi\u00f3n<a href=\"https:\/\/cespad.org.hn\/lideresas-de-redes-de-mujeres-fortalecen-las-capacidades-de-incidencia-politica-en-sus-comunidades\/#_ftn1\" name=\"_ftnref1\"><sup>[1]<\/sup><\/a>, el fortalecimiento de sus capacidades pol\u00edticas y organizativas a nivel local se presenta como una estrategia fundamental para avanzar hacia una democracia m\u00e1s inclusiva.<\/p>\n<p>En ese marco, mujeres integrantes de redes feministas organizadas, que participaron en la Escuela para Lideresas Rurales \u201cTejiendo Liderazgos\u201d, un proceso formativo desarrollado como parte del proyecto\u00a0<em>Nosotras Construyendo Democracia<\/em>, han comenzado a replicar estos conocimientos en sus comunidades. Este programa buscaba fortalecer sus habilidades en vocer\u00eda, comunicaci\u00f3n pol\u00edtica y construcci\u00f3n de narrativas feministas desde los territorios.<\/p>\n<p><img fetchpriority=\"high\" decoding=\"async\" class=\"aligncenter wp-image-6777\" src=\"https:\/\/cespad.org.hn\/wp-content\/uploads\/2026\/02\/243-300x180.png\" sizes=\"(max-width: 1696px) 100vw, 1696px\" srcset=\"https:\/\/cespad.org.hn\/wp-content\/uploads\/2026\/02\/243-300x180.png 300w, https:\/\/cespad.org.hn\/wp-content\/uploads\/2026\/02\/243-1024x614.png 1024w, https:\/\/cespad.org.hn\/wp-content\/uploads\/2026\/02\/243-768x461.png 768w, https:\/\/cespad.org.hn\/wp-content\/uploads\/2026\/02\/243-600x360.png 600w, https:\/\/cespad.org.hn\/wp-content\/uploads\/2026\/02\/243.png 1200w\" alt=\"\" width=\"1696\" height=\"1017\" \/><\/p>\n<p><em>Las mujeres participantes reflexionaron sobre las lideresas hondure\u00f1as que se han convertido en modelos a seguir y el significado de ejercer liderazgo en sus comunidades.<\/em><\/p>\n<p>Las cuatro mujeres, procedentes de Intibuc\u00e1, Ojojona y el Distrito Central, lideraron estos espacios con el objetivo de que m\u00e1s mujeres en sus localidades se reconozcan como sujetas pol\u00edticas activas, capaces de incidir en la vida comunitaria y promover la agenda de derechos de las mujeres ante tomadores de decisi\u00f3n, tanto a nivel local como nacional.<\/p>\n<p>Durante las jornadas de r\u00e9plica, se promovieron espacios de di\u00e1logo colectivo en los cuales las participantes reflexionaron sobre el liderazgo, las mujeres referentes en la historia del pa\u00eds que inspiran su acci\u00f3n pol\u00edtica, y las transformaciones que desean hacer en sus comunidades. Como resultado, esta transmisi\u00f3n de conocimientos fortaleci\u00f3 la organizaci\u00f3n colectiva, promoviendo la participaci\u00f3n de las mujeres en espacios de decisi\u00f3n tradicionalmente ocupados por hombres.<\/p>\n<p><img decoding=\"async\" class=\"aligncenter wp-image-6778\" src=\"https:\/\/cespad.org.hn\/wp-content\/uploads\/2026\/02\/244-300x180.png\" sizes=\"(max-width: 1732px) 100vw, 1732px\" srcset=\"https:\/\/cespad.org.hn\/wp-content\/uploads\/2026\/02\/244-300x180.png 300w, https:\/\/cespad.org.hn\/wp-content\/uploads\/2026\/02\/244-1024x614.png 1024w, https:\/\/cespad.org.hn\/wp-content\/uploads\/2026\/02\/244-768x461.png 768w, https:\/\/cespad.org.hn\/wp-content\/uploads\/2026\/02\/244-600x360.png 600w, https:\/\/cespad.org.hn\/wp-content\/uploads\/2026\/02\/244.png 1200w\" alt=\"\" width=\"1732\" height=\"1039\" \/><\/p>\n<p data-start=\"1383\" data-end=\"1481\"><em>Las r\u00e9plicas promovieron el aprendizaje colectivo y el fortalecimiento de redes de sororidad entre las mujeres.<\/em><\/p>\n<p>Tras la finalizaci\u00f3n de estas r\u00e9plicas, se espera que en los pr\u00f3ximos meses el proceso de transmisi\u00f3n de conocimiento contin\u00fae extendi\u00e9ndose a m\u00e1s comunidades del pa\u00eds. Las r\u00e9plicas forman parte del proyecto \u201cNosotras Construyendo Democracia: Ciudadan\u00eda Activa de las Mujeres en Honduras\u201d, impulsado por el Centro de Estudios de la Mujer-Honduras (CEM-H), el Centro de Estudios para la Democracia (CESPAD) y Oxfam Honduras, con el apoyo de la Agencia Espa\u00f1ola de Cooperaci\u00f3n Internacional para el Desarrollo (AECID).<\/p>\n<p>La iniciativa tiene como objetivo fortalecer la democracia y promover pol\u00edticas p\u00fablicas a favor de la igualdad y la inclusi\u00f3n de las mujeres, generando espacios donde su participaci\u00f3n sea reconocida y sus demandas integradas en la agenda municipal y nacional.<\/p>\n<p><a href=\"https:\/\/cespad.org.hn\/lideresas-de-redes-de-mujeres-fortalecen-las-capacidades-de-incidencia-politica-en-sus-comunidades\/#_ftnref1\" name=\"_ftn1\"><sup>[1]<\/sup><\/a>\u00a0\u201cPrimera encuesta nacional sobre la percepci\u00f3n de las mujeres en pol\u00edtica | presentaci\u00f3n del estudio no\u00b01 sobre los mecanismo que bloquean la participaci\u00f3n pol\u00edtica\u201d, octubre 2025,\u00a0<a href=\"https:\/\/cespad.org.hn\/wp-content\/uploads\/2025\/10\/20251015-RESUMEN-ESTUDIO-N.1.pdf\">https:\/\/cespad.org.hn\/wp-content\/uploads\/2025\/10\/20251015-RESUMEN-ESTUDIO-N.1.pdf<\/a><\/p>\n<div class=\"addtoany_share_save_container addtoany_content addtoany_content_bottom\"><\/div>\n","protected":false},"excerpt":{"rendered":"<p>Escrito por Paula Servell\u00f3n En un contexto marcado por profundas desigualdades y barreras estructurales que hist\u00f3ricamente han limitado el acceso de las mujeres a los espacios de toma de decisi\u00f3n[1], el fortalecimiento de sus capacidades pol\u00edticas y organizativas a nivel local se presenta como una estrategia fundamental para avanzar hacia una democracia m\u00e1s inclusiva. En ese marco, mujeres integrantes de redes feministas organizadas, que participaron en la Escuela para Lideresas Rurales \u201cTejiendo Liderazgos\u201d, un proceso formativo desarrollado como parte del proyecto\u00a0Nosotras Construyendo Democracia, han comenzado a replicar estos conocimientos en sus comunidades. Este programa buscaba fortalecer sus habilidades en vocer\u00eda, comunicaci\u00f3n pol\u00edtica y construcci\u00f3n de narrativas feministas desde los territorios. Las mujeres participantes reflexionaron sobre las lideresas hondure\u00f1as que se han convertido en modelos a seguir y el significado de ejercer liderazgo en sus comunidades. Las cuatro mujeres, procedentes de Intibuc\u00e1, Ojojona y el Distrito Central, lideraron estos espacios con el objetivo de que m\u00e1s mujeres en sus localidades se reconozcan como sujetas pol\u00edticas activas, capaces de incidir en la vida comunitaria y promover la agenda de derechos de las mujeres ante tomadores de decisi\u00f3n, tanto a nivel local como nacional. Durante las jornadas de r\u00e9plica, se promovieron espacios de di\u00e1logo colectivo en los cuales las participantes reflexionaron sobre el liderazgo, las mujeres referentes en la historia del pa\u00eds que inspiran su acci\u00f3n pol\u00edtica, y las transformaciones que desean hacer en sus comunidades. Como resultado, esta transmisi\u00f3n de conocimientos fortaleci\u00f3 la organizaci\u00f3n colectiva, promoviendo la participaci\u00f3n de las mujeres en espacios de decisi\u00f3n tradicionalmente ocupados por hombres. Las r\u00e9plicas promovieron el aprendizaje colectivo y el fortalecimiento de redes de sororidad entre las mujeres. Tras la finalizaci\u00f3n de estas r\u00e9plicas, se espera que en los pr\u00f3ximos meses el proceso de transmisi\u00f3n de conocimiento contin\u00fae extendi\u00e9ndose a m\u00e1s comunidades del pa\u00eds. Las r\u00e9plicas forman parte del proyecto \u201cNosotras Construyendo Democracia: Ciudadan\u00eda Activa de las Mujeres en Honduras\u201d, impulsado por el Centro de Estudios de la Mujer-Honduras (CEM-H), el Centro de Estudios para la Democracia (CESPAD) y Oxfam Honduras, con el apoyo de la Agencia Espa\u00f1ola de Cooperaci\u00f3n Internacional para el Desarrollo (AECID). La iniciativa tiene como objetivo fortalecer la democracia y promover pol\u00edticas p\u00fablicas a favor de la igualdad y la inclusi\u00f3n de las mujeres, generando espacios donde su participaci\u00f3n sea reconocida y sus demandas integradas en la agenda municipal y nacional. [1]\u00a0\u201cPrimera encuesta nacional sobre la percepci\u00f3n de las mujeres en pol\u00edtica | presentaci\u00f3n del estudio no\u00b01 sobre los mecanismo que bloquean la participaci\u00f3n pol\u00edtica\u201d, octubre 2025,\u00a0https:\/\/cespad.org.hn\/wp-content\/uploads\/2025\/10\/20251015-RESUMEN-ESTUDIO-N.1.pdf<\/p>\n","protected":false},"author":1,"featured_media":852,"comment_status":"closed","ping_status":"closed","sticky":false,"template":"","format":"standard","meta":{"footnotes":""},"categories":[14],"tags":[11,12,10],"class_list":["post-849","post","type-post","status-publish","format-standard","has-post-thumbnail","hentry","category-eventos","tag-cespad","tag-honduras","tag-mujeres"],"rttpg_featured_image_url":{"full":["https:\/\/cespad.org.hn\/mujeres\/wp-content\/uploads\/2026\/03\/242.png",1200,720,false],"landscape":["https:\/\/cespad.org.hn\/mujeres\/wp-content\/uploads\/2026\/03\/242.png",1200,720,false],"portraits":["https:\/\/cespad.org.hn\/mujeres\/wp-content\/uploads\/2026\/03\/242.png",1200,720,false],"thumbnail":["https:\/\/cespad.org.hn\/mujeres\/wp-content\/uploads\/2026\/03\/242-150x150.png",150,150,true],"medium":["https:\/\/cespad.org.hn\/mujeres\/wp-content\/uploads\/2026\/03\/242-300x180.png",300,180,true],"large":["https:\/\/cespad.org.hn\/mujeres\/wp-content\/uploads\/2026\/03\/242-1024x614.png",960,576,true],"1536x1536":["https:\/\/cespad.org.hn\/mujeres\/wp-content\/uploads\/2026\/03\/242.png",1200,720,false],"2048x2048":["https:\/\/cespad.org.hn\/mujeres\/wp-content\/uploads\/2026\/03\/242.png",1200,720,false],"mailpoet_newsletter_max":["https:\/\/cespad.org.hn\/mujeres\/wp-content\/uploads\/2026\/03\/242.png",1200,720,false]},"rttpg_author":{"display_name":"MUj2025","author_link":"https:\/\/cespad.org.hn\/mujeres\/author\/muj2025\/"},"rttpg_comment":0,"rttpg_category":"<a href=\"https:\/\/cespad.org.hn\/mujeres\/category\/eventos\/\" rel=\"category tag\">Eventos<\/a>","rttpg_excerpt":"Escrito por Paula Servell\u00f3n En un contexto marcado por profundas desigualdades y barreras estructurales que hist\u00f3ricamente han limitado el acceso de las mujeres a los espacios de toma de decisi\u00f3n[1], el fortalecimiento de sus capacidades pol\u00edticas y organizativas a nivel local se presenta como una estrategia fundamental para avanzar hacia una democracia m\u00e1s inclusiva. En&hellip;","_links":{"self":[{"href":"https:\/\/cespad.org.hn\/mujeres\/wp-json\/wp\/v2\/posts\/849","targetHints":{"allow":["GET"]}}],"collection":[{"href":"https:\/\/cespad.org.hn\/mujeres\/wp-json\/wp\/v2\/posts"}],"about":[{"href":"https:\/\/cespad.org.hn\/mujeres\/wp-json\/wp\/v2\/types\/post"}],"author":[{"embeddable":true,"href":"https:\/\/cespad.org.hn\/mujeres\/wp-json\/wp\/v2\/users\/1"}],"replies":[{"embeddable":true,"href":"https:\/\/cespad.org.hn\/mujeres\/wp-json\/wp\/v2\/comments?post=849"}],"version-history":[{"count":1,"href":"https:\/\/cespad.org.hn\/mujeres\/wp-json\/wp\/v2\/posts\/849\/revisions"}],"predecessor-version":[{"id":853,"href":"https:\/\/cespad.org.hn\/mujeres\/wp-json\/wp\/v2\/posts\/849\/revisions\/853"}],"wp:featuredmedia":[{"embeddable":true,"href":"https:\/\/cespad.org.hn\/mujeres\/wp-json\/wp\/v2\/media\/852"}],"wp:attachment":[{"href":"https:\/\/cespad.org.hn\/mujeres\/wp-json\/wp\/v2\/media?parent=849"}],"wp:term":[{"taxonomy":"category","embeddable":true,"href":"https:\/\/cespad.org.hn\/mujeres\/wp-json\/wp\/v2\/categories?post=849"},{"taxonomy":"post_tag","embeddable":true,"href":"https:\/\/cespad.org.hn\/mujeres\/wp-json\/wp\/v2\/tags?post=849"}],"curies":[{"name":"wp","href":"https:\/\/api.w.org\/{rel}","templated":true}]}}