{"id":723,"date":"2025-11-30T11:22:21","date_gmt":"2025-11-30T17:22:21","guid":{"rendered":"https:\/\/cespad.org.hn\/pje\/?p=723"},"modified":"2025-11-30T11:22:21","modified_gmt":"2025-11-30T17:22:21","slug":"comunicado1-instalacion-y-acondicionamiento-de-las-jrv","status":"publish","type":"post","link":"https:\/\/cespad.org.hn\/pje\/comunicado1-instalacion-y-acondicionamiento-de-las-jrv\/","title":{"rendered":"Comunicado#1: Instalaci\u00f3n y Acondicionamiento  de las JRV"},"content":{"rendered":"<p>La misi\u00f3n de observaci\u00f3n electoral del CESPAD, implementada en alianza con Global Exchange y la Plataforma Juvenil Electoral, informa que, al momento de este primer corte, <strong>LA INSTALACI\u00d3N Y APERTURA DE LAS JUNTAS RECEPTORAS DE VOTOS<\/strong> (JRV) avanza con normalidad en la mayor\u00eda de los centros observados. En distintos departamentos del pa\u00eds, los equipos reportan que las JRV est\u00e1n siguiendo los procedimientos esenciales establecidos en la Ley Electoral y en el Instructivo del CNE para la instalaci\u00f3n de mesas.<\/p>\n<p>Los observadores registran que, en la mayor parte de los centros que las JRV lograron integrarse y conformarse adecuadamente, que el material electoral fue verificado, ordenado y colocado seg\u00fan lo estipulado por el CNE y la ciudadan\u00eda contin\u00faa llegando desde primeras horas de la ma\u00f1ana, en un flujo constante, ordenado y respetuoso. Este comportamiento ciudadano reafirma la vigencia del sufragio como acto de compromiso democr\u00e1tico y evidencia la disposici\u00f3n colectiva para participar en una jornada que, hasta ahora, se desarrolla bajo condiciones ampliamente favorables para el ejercicio del voto.<\/p>\n<p>No obstante, tambi\u00e9n se han identificado incidencias puntuales que, sin constituir un patr\u00f3n generalizado, requieren atenci\u00f3n inmediata por parte de las autoridades electorales para evitar que afecten el curso de la jornada:<\/p>\n<p>1. Retrasos en la apertura por dificultades de instalaci\u00f3n de JRV: De las 124 JRV observadas, \u00fanicamente 14 iniciaron a la hora establecida, lo que representa solo el 8.86% del total. El resto present\u00f3 retrasos asociados a desorden en el inventario del material, ausencia temporal de vocales o dudas en el uso del sistema biom\u00e9trico, factores que afectaron la instalaci\u00f3n oportuna de las mesas.<\/p>\n<p>2. Centros de votaci\u00f3n que a\u00fan no han abierto: Seg\u00fan la muestra observada, 41 de los 124 centros monitoreados a\u00fan no hab\u00edan abierto al momento del corte, lo que equivale al 33.06%. Estos retrasos han generado filas prolongadas y ciudadanos en espera para poder ingresar. Entre algunos casos se encuentran:<\/p>\n<ul>\n<li>\n<blockquote><p>Escuela Jaime O\u2019Leary, El Progreso<\/p><\/blockquote>\n<\/li>\n<li>\n<blockquote><p>Jard\u00edn de Ni\u00f1os San Juan Bosco, Col. Visula<\/p><\/blockquote>\n<\/li>\n<li>\n<blockquote><p>Escuela Juan Ram\u00f3n Molina, San Pedro Sula<\/p><\/blockquote>\n<\/li>\n<\/ul>\n<p>3. Maletas electorales con signos de manipulaci\u00f3n o sellos irregulares: Como a\u00fan no todas las JRV se han instalado, el corte preliminar reporta 7 casos de maletas con indicios de manipulaci\u00f3n. Esto representa el 11.27% sobre las 62 maletas verificadas hasta el momento. Entre los incidentes documentados destacan la Colonia La Joya (Tegucigalpa) con maletas abiertas y sellos rotos y la Rivera Hern\u00e1ndez (San Pedro Sula): maleta 4663 con sellos adulterados.<\/p>\n<p>4. Incumplimiento del sellado de papeletas frente a los electores: algunos equipos reportan que no se est\u00e1 cumpliendo esta etapa fundamental del procedimiento. Conforme al Instructivo del CNE, cada papeleta debe ser firmada y sellada por presidente y secretario en presencia del elector antes de ser entregada. Esta medida garantiza la trazabilidad del material y previene irregularidades en el conteo posterior.<\/p>\n<p>5. Fallas o dudas operativas en el uso de dispositivos biom\u00e9tricos: La Ley Electoral exige su utilizaci\u00f3n como mecanismo obligatorio de verificaci\u00f3n de identidad. Solo el CNE puede autorizar excepcionalmente su omisi\u00f3n. El Instructivo establece que omitir el biom\u00e9trico sin autorizaci\u00f3n compromete el registro de identidad, altera el control de doble votaci\u00f3n y vulnera un candado clave del proceso. En el corte preliminar, se registraron 3 JRV en las que el dispositivo biom\u00e9trico no lleg\u00f3 al centro de votaci\u00f3n, espec\u00edficamente las JRV 2987, 2955 y 10960.<\/p>\n<p>De acuerdo con la normativa electoral, estas situaciones son subsanables siempre que se garantice la continuidad del proceso y, cuando corresponda, se apruebe la extensi\u00f3n del horario de votaci\u00f3n para compensar el tiempo perdido por retrasos atribuibles a fallas log\u00edsticas u operativas. La normativa prev\u00e9 esta extensi\u00f3n precisamente para evitar que un ciudadano pierda su derecho por retrasos que no le son atribuibles.<\/p>\n<p>Es necesario recordar que las maletas electorales debieron estar en cada centro de votaci\u00f3n con al menos 24 horas de anticipaci\u00f3n, conforme a los lineamientos del CNE. La puntual intervenci\u00f3n de los Consejos Municipales Electorales es indispensable para restablecer el funcionamiento pleno de las mesas pendientes y sustituir de inmediato cualquier material t\u00e9cnico indispensable para la jornada.<\/p>\n<p>Hacemos un llamado a las JRV a mantener su compromiso con la Ley Electoral y el Instructivo del CNE, a consultar el manual ante cualquier duda procedimental y a recordar que la normativa es vinculante: el desconocimiento de los pasos establecidos no exime de responsabilidad. Instamos tambi\u00e9n a las autoridades electorales a actuar con celeridad para verificar las maletas con irregularidades en sus sellos, asistir t\u00e9cnicamente a los custodios y resolver las situaciones que han generado retrasos o dudas en la apertura.<\/p>\n<p>Llamamos a la ciudadan\u00eda a mantener la calma, resguardar el orden en los centros de votaci\u00f3n y esperar con paciencia la habilitaci\u00f3n de todas las JRV, recordando que su derecho al voto es pleno y que existen mecanismos para evitar afectaciones por retrasos.<\/p>\n<p>La misi\u00f3n de observaci\u00f3n del CESPAD continuar\u00e1 dando seguimiento sistem\u00e1tico a estas incidencias y trasladar\u00e1, en los siguientes cortes, un an\u00e1lisis detallado sobre su evoluci\u00f3n y sobre la capacidad institucional para superarlas en el transcurso de la jornada.<\/p>\n<p style=\"text-align: center;\"><strong>Plataforma Juvenil Electoral <\/strong><\/p>\n<p style=\"text-align: center;\"><strong>30 de noviembre de 2025 a las 08:30 a.m<\/strong><\/p>\n<p style=\"text-align: left;\"><a href=\"https:\/\/cespad.org.hn\/pje\/wp-content\/uploads\/2025\/11\/PJE-Comunicado-1-1.pdf\">PJE &#8211; Comunicado no\u00b01<\/a><\/p>\n\n    <div class=\"xs_social_share_widget xs_share_url after_content \t\tmain_content  wslu-style-1 wslu-share-box-shaped wslu-fill-colored wslu-none wslu-share-horizontal wslu-theme-font-no wslu-main_content\">\n\n\t\t\n        <ul>\n\t\t\t        <\/ul>\n    <\/div> \n","protected":false},"excerpt":{"rendered":"<p>La misi\u00f3n de observaci\u00f3n electoral del CESPAD, implementada en alianza con Global Exchange y la Plataforma Juvenil Electoral, informa que, al momento de este primer corte, LA INSTALACI\u00d3N Y APERTURA DE LAS JUNTAS RECEPTORAS DE VOTOS (JRV) avanza con normalidad en la mayor\u00eda de los centros observados. En distintos departamentos del pa\u00eds, los equipos reportan [&hellip;]<\/p>\n","protected":false},"author":2,"featured_media":0,"comment_status":"closed","ping_status":"closed","sticky":false,"template":"","format":"standard","meta":{"_eb_attr":"","om_disable_all_campaigns":false,"postBodyCss":"","postBodyMargin":[],"postBodyPadding":[],"postBodyBackground":{"backgroundType":"classic","gradient":""},"footnotes":""},"categories":[23],"tags":[26,32,31,30],"class_list":["post-723","post","type-post","status-publish","format-standard","hentry","category-alertas","tag-cespad","tag-democracia","tag-elecciones","tag-honduras"],"yoast_head":"<!-- This site is optimized with the Yoast SEO plugin v27.2 - https:\/\/yoast.com\/product\/yoast-seo-wordpress\/ -->\n<title>Comunicado#1: Instalaci\u00f3n y Acondicionamiento de las JRV - PLATAFORMA JUVENIL ELECTORAL<\/title>\n<meta name=\"robots\" content=\"index, follow, max-snippet:-1, max-image-preview:large, max-video-preview:-1\" \/>\n<link rel=\"canonical\" href=\"https:\/\/cespad.org.hn\/pje\/comunicado1-instalacion-y-acondicionamiento-de-las-jrv\/\" \/>\n<meta property=\"og:locale\" content=\"es_ES\" \/>\n<meta property=\"og:type\" content=\"article\" \/>\n<meta property=\"og:title\" content=\"Comunicado#1: Instalaci\u00f3n y Acondicionamiento de las JRV - PLATAFORMA JUVENIL ELECTORAL\" \/>\n<meta property=\"og:description\" content=\"La misi\u00f3n de observaci\u00f3n electoral del CESPAD, implementada en alianza con Global Exchange y la Plataforma Juvenil Electoral, informa que, al momento de este primer corte, LA INSTALACI\u00d3N Y APERTURA DE LAS JUNTAS RECEPTORAS DE VOTOS (JRV) avanza con normalidad en la mayor\u00eda de los centros observados. En distintos departamentos del pa\u00eds, los equipos reportan [&hellip;]\" \/>\n<meta property=\"og:url\" content=\"https:\/\/cespad.org.hn\/pje\/comunicado1-instalacion-y-acondicionamiento-de-las-jrv\/\" \/>\n<meta property=\"og:site_name\" content=\"PLATAFORMA JUVENIL ELECTORAL\" \/>\n<meta property=\"article:publisher\" content=\"https:\/\/www.facebook.com\/plataformajuvenilelectoral\/\" \/>\n<meta property=\"article:published_time\" content=\"2025-11-30T17:22:21+00:00\" \/>\n<meta name=\"author\" content=\"Redacci\u00f3n\" \/>\n<meta name=\"twitter:card\" content=\"summary_large_image\" \/>\n<meta name=\"twitter:label1\" content=\"Escrito por\" \/>\n\t<meta name=\"twitter:data1\" content=\"Redacci\u00f3n\" \/>\n\t<meta name=\"twitter:label2\" content=\"Tiempo de lectura\" \/>\n\t<meta name=\"twitter:data2\" content=\"4 minutos\" \/>\n<script type=\"application\/ld+json\" class=\"yoast-schema-graph\">{\"@context\":\"https:\/\/schema.org\",\"@graph\":[{\"@type\":\"Article\",\"@id\":\"https:\/\/cespad.org.hn\/pje\/comunicado1-instalacion-y-acondicionamiento-de-las-jrv\/#article\",\"isPartOf\":{\"@id\":\"https:\/\/cespad.org.hn\/pje\/comunicado1-instalacion-y-acondicionamiento-de-las-jrv\/\"},\"author\":{\"name\":\"Redacci\u00f3n\",\"@id\":\"https:\/\/cespad.org.hn\/pje\/#\/schema\/person\/0e165bd773410a4bd855aef522883ce0\"},\"headline\":\"Comunicado#1: Instalaci\u00f3n y Acondicionamiento de las JRV\",\"datePublished\":\"2025-11-30T17:22:21+00:00\",\"mainEntityOfPage\":{\"@id\":\"https:\/\/cespad.org.hn\/pje\/comunicado1-instalacion-y-acondicionamiento-de-las-jrv\/\"},\"wordCount\":897,\"publisher\":{\"@id\":\"https:\/\/cespad.org.hn\/pje\/#organization\"},\"keywords\":[\"CESPAD\",\"Democracia\",\"Elecciones\",\"Honduras\"],\"articleSection\":[\"Alertas\"],\"inLanguage\":\"es\"},{\"@type\":\"WebPage\",\"@id\":\"https:\/\/cespad.org.hn\/pje\/comunicado1-instalacion-y-acondicionamiento-de-las-jrv\/\",\"url\":\"https:\/\/cespad.org.hn\/pje\/comunicado1-instalacion-y-acondicionamiento-de-las-jrv\/\",\"name\":\"Comunicado#1: Instalaci\u00f3n y Acondicionamiento de las JRV - PLATAFORMA JUVENIL ELECTORAL\",\"isPartOf\":{\"@id\":\"https:\/\/cespad.org.hn\/pje\/#website\"},\"datePublished\":\"2025-11-30T17:22:21+00:00\",\"breadcrumb\":{\"@id\":\"https:\/\/cespad.org.hn\/pje\/comunicado1-instalacion-y-acondicionamiento-de-las-jrv\/#breadcrumb\"},\"inLanguage\":\"es\",\"potentialAction\":[{\"@type\":\"ReadAction\",\"target\":[\"https:\/\/cespad.org.hn\/pje\/comunicado1-instalacion-y-acondicionamiento-de-las-jrv\/\"]}]},{\"@type\":\"BreadcrumbList\",\"@id\":\"https:\/\/cespad.org.hn\/pje\/comunicado1-instalacion-y-acondicionamiento-de-las-jrv\/#breadcrumb\",\"itemListElement\":[{\"@type\":\"ListItem\",\"position\":1,\"name\":\"Portada\",\"item\":\"https:\/\/cespad.org.hn\/pje\/\"},{\"@type\":\"ListItem\",\"position\":2,\"name\":\"Comunicado#1: Instalaci\u00f3n y Acondicionamiento de las JRV\"}]},{\"@type\":\"WebSite\",\"@id\":\"https:\/\/cespad.org.hn\/pje\/#website\",\"url\":\"https:\/\/cespad.org.hn\/pje\/\",\"name\":\"PLATAFORMA JUVENIL ELECTORAL\",\"description\":\"\",\"publisher\":{\"@id\":\"https:\/\/cespad.org.hn\/pje\/#organization\"},\"potentialAction\":[{\"@type\":\"SearchAction\",\"target\":{\"@type\":\"EntryPoint\",\"urlTemplate\":\"https:\/\/cespad.org.hn\/pje\/?s={search_term_string}\"},\"query-input\":{\"@type\":\"PropertyValueSpecification\",\"valueRequired\":true,\"valueName\":\"search_term_string\"}}],\"inLanguage\":\"es\"},{\"@type\":\"Organization\",\"@id\":\"https:\/\/cespad.org.hn\/pje\/#organization\",\"name\":\"PLATAFORMA JUVENIL ELECTORAL\",\"url\":\"https:\/\/cespad.org.hn\/pje\/\",\"logo\":{\"@type\":\"ImageObject\",\"inLanguage\":\"es\",\"@id\":\"https:\/\/cespad.org.hn\/pje\/#\/schema\/logo\/image\/\",\"url\":\"https:\/\/cespad.org.hn\/pje\/wp-content\/uploads\/2025\/09\/cropped-cropped-cropped-WhatsApp-Image-2025-09-22-at-10.59.57-a.-m.jpeg\",\"contentUrl\":\"https:\/\/cespad.org.hn\/pje\/wp-content\/uploads\/2025\/09\/cropped-cropped-cropped-WhatsApp-Image-2025-09-22-at-10.59.57-a.-m.jpeg\",\"width\":768,\"height\":606,\"caption\":\"PLATAFORMA JUVENIL ELECTORAL\"},\"image\":{\"@id\":\"https:\/\/cespad.org.hn\/pje\/#\/schema\/logo\/image\/\"},\"sameAs\":[\"https:\/\/www.facebook.com\/plataformajuvenilelectoral\/\",\"https:\/\/www.tiktok.com\/@pjehonduras\"]},{\"@type\":\"Person\",\"@id\":\"https:\/\/cespad.org.hn\/pje\/#\/schema\/person\/0e165bd773410a4bd855aef522883ce0\",\"name\":\"Redacci\u00f3n\",\"image\":{\"@type\":\"ImageObject\",\"inLanguage\":\"es\",\"@id\":\"https:\/\/secure.gravatar.com\/avatar\/5ae1a85e561566ff1059660c34a8b23266709d2769383127e5057de8a29d6d32?s=96&d=mm&r=g\",\"url\":\"https:\/\/secure.gravatar.com\/avatar\/5ae1a85e561566ff1059660c34a8b23266709d2769383127e5057de8a29d6d32?s=96&d=mm&r=g\",\"contentUrl\":\"https:\/\/secure.gravatar.com\/avatar\/5ae1a85e561566ff1059660c34a8b23266709d2769383127e5057de8a29d6d32?s=96&d=mm&r=g\",\"caption\":\"Redacci\u00f3n\"},\"sameAs\":[\"http:\/\/cespad.org.hn\"],\"url\":\"https:\/\/cespad.org.hn\/pje\/author\/paula-servellon\/\"}]}<\/script>\n<!-- \/ Yoast SEO plugin. -->","yoast_head_json":{"title":"Comunicado#1: Instalaci\u00f3n y Acondicionamiento de las JRV - PLATAFORMA JUVENIL ELECTORAL","robots":{"index":"index","follow":"follow","max-snippet":"max-snippet:-1","max-image-preview":"max-image-preview:large","max-video-preview":"max-video-preview:-1"},"canonical":"https:\/\/cespad.org.hn\/pje\/comunicado1-instalacion-y-acondicionamiento-de-las-jrv\/","og_locale":"es_ES","og_type":"article","og_title":"Comunicado#1: Instalaci\u00f3n y Acondicionamiento de las JRV - PLATAFORMA JUVENIL ELECTORAL","og_description":"La misi\u00f3n de observaci\u00f3n electoral del CESPAD, implementada en alianza con Global Exchange y la Plataforma Juvenil Electoral, informa que, al momento de este primer corte, LA INSTALACI\u00d3N Y APERTURA DE LAS JUNTAS RECEPTORAS DE VOTOS (JRV) avanza con normalidad en la mayor\u00eda de los centros observados. En distintos departamentos del pa\u00eds, los equipos reportan [&hellip;]","og_url":"https:\/\/cespad.org.hn\/pje\/comunicado1-instalacion-y-acondicionamiento-de-las-jrv\/","og_site_name":"PLATAFORMA JUVENIL ELECTORAL","article_publisher":"https:\/\/www.facebook.com\/plataformajuvenilelectoral\/","article_published_time":"2025-11-30T17:22:21+00:00","author":"Redacci\u00f3n","twitter_card":"summary_large_image","twitter_misc":{"Escrito por":"Redacci\u00f3n","Tiempo de lectura":"4 minutos"},"schema":{"@context":"https:\/\/schema.org","@graph":[{"@type":"Article","@id":"https:\/\/cespad.org.hn\/pje\/comunicado1-instalacion-y-acondicionamiento-de-las-jrv\/#article","isPartOf":{"@id":"https:\/\/cespad.org.hn\/pje\/comunicado1-instalacion-y-acondicionamiento-de-las-jrv\/"},"author":{"name":"Redacci\u00f3n","@id":"https:\/\/cespad.org.hn\/pje\/#\/schema\/person\/0e165bd773410a4bd855aef522883ce0"},"headline":"Comunicado#1: Instalaci\u00f3n y Acondicionamiento de las JRV","datePublished":"2025-11-30T17:22:21+00:00","mainEntityOfPage":{"@id":"https:\/\/cespad.org.hn\/pje\/comunicado1-instalacion-y-acondicionamiento-de-las-jrv\/"},"wordCount":897,"publisher":{"@id":"https:\/\/cespad.org.hn\/pje\/#organization"},"keywords":["CESPAD","Democracia","Elecciones","Honduras"],"articleSection":["Alertas"],"inLanguage":"es"},{"@type":"WebPage","@id":"https:\/\/cespad.org.hn\/pje\/comunicado1-instalacion-y-acondicionamiento-de-las-jrv\/","url":"https:\/\/cespad.org.hn\/pje\/comunicado1-instalacion-y-acondicionamiento-de-las-jrv\/","name":"Comunicado#1: Instalaci\u00f3n y Acondicionamiento de las JRV - PLATAFORMA JUVENIL ELECTORAL","isPartOf":{"@id":"https:\/\/cespad.org.hn\/pje\/#website"},"datePublished":"2025-11-30T17:22:21+00:00","breadcrumb":{"@id":"https:\/\/cespad.org.hn\/pje\/comunicado1-instalacion-y-acondicionamiento-de-las-jrv\/#breadcrumb"},"inLanguage":"es","potentialAction":[{"@type":"ReadAction","target":["https:\/\/cespad.org.hn\/pje\/comunicado1-instalacion-y-acondicionamiento-de-las-jrv\/"]}]},{"@type":"BreadcrumbList","@id":"https:\/\/cespad.org.hn\/pje\/comunicado1-instalacion-y-acondicionamiento-de-las-jrv\/#breadcrumb","itemListElement":[{"@type":"ListItem","position":1,"name":"Portada","item":"https:\/\/cespad.org.hn\/pje\/"},{"@type":"ListItem","position":2,"name":"Comunicado#1: Instalaci\u00f3n y Acondicionamiento de las JRV"}]},{"@type":"WebSite","@id":"https:\/\/cespad.org.hn\/pje\/#website","url":"https:\/\/cespad.org.hn\/pje\/","name":"PLATAFORMA JUVENIL ELECTORAL","description":"","publisher":{"@id":"https:\/\/cespad.org.hn\/pje\/#organization"},"potentialAction":[{"@type":"SearchAction","target":{"@type":"EntryPoint","urlTemplate":"https:\/\/cespad.org.hn\/pje\/?s={search_term_string}"},"query-input":{"@type":"PropertyValueSpecification","valueRequired":true,"valueName":"search_term_string"}}],"inLanguage":"es"},{"@type":"Organization","@id":"https:\/\/cespad.org.hn\/pje\/#organization","name":"PLATAFORMA JUVENIL ELECTORAL","url":"https:\/\/cespad.org.hn\/pje\/","logo":{"@type":"ImageObject","inLanguage":"es","@id":"https:\/\/cespad.org.hn\/pje\/#\/schema\/logo\/image\/","url":"https:\/\/cespad.org.hn\/pje\/wp-content\/uploads\/2025\/09\/cropped-cropped-cropped-WhatsApp-Image-2025-09-22-at-10.59.57-a.-m.jpeg","contentUrl":"https:\/\/cespad.org.hn\/pje\/wp-content\/uploads\/2025\/09\/cropped-cropped-cropped-WhatsApp-Image-2025-09-22-at-10.59.57-a.-m.jpeg","width":768,"height":606,"caption":"PLATAFORMA JUVENIL ELECTORAL"},"image":{"@id":"https:\/\/cespad.org.hn\/pje\/#\/schema\/logo\/image\/"},"sameAs":["https:\/\/www.facebook.com\/plataformajuvenilelectoral\/","https:\/\/www.tiktok.com\/@pjehonduras"]},{"@type":"Person","@id":"https:\/\/cespad.org.hn\/pje\/#\/schema\/person\/0e165bd773410a4bd855aef522883ce0","name":"Redacci\u00f3n","image":{"@type":"ImageObject","inLanguage":"es","@id":"https:\/\/secure.gravatar.com\/avatar\/5ae1a85e561566ff1059660c34a8b23266709d2769383127e5057de8a29d6d32?s=96&d=mm&r=g","url":"https:\/\/secure.gravatar.com\/avatar\/5ae1a85e561566ff1059660c34a8b23266709d2769383127e5057de8a29d6d32?s=96&d=mm&r=g","contentUrl":"https:\/\/secure.gravatar.com\/avatar\/5ae1a85e561566ff1059660c34a8b23266709d2769383127e5057de8a29d6d32?s=96&d=mm&r=g","caption":"Redacci\u00f3n"},"sameAs":["http:\/\/cespad.org.hn"],"url":"https:\/\/cespad.org.hn\/pje\/author\/paula-servellon\/"}]}},"_links":{"self":[{"href":"https:\/\/cespad.org.hn\/pje\/wp-json\/wp\/v2\/posts\/723","targetHints":{"allow":["GET"]}}],"collection":[{"href":"https:\/\/cespad.org.hn\/pje\/wp-json\/wp\/v2\/posts"}],"about":[{"href":"https:\/\/cespad.org.hn\/pje\/wp-json\/wp\/v2\/types\/post"}],"author":[{"embeddable":true,"href":"https:\/\/cespad.org.hn\/pje\/wp-json\/wp\/v2\/users\/2"}],"replies":[{"embeddable":true,"href":"https:\/\/cespad.org.hn\/pje\/wp-json\/wp\/v2\/comments?post=723"}],"version-history":[{"count":1,"href":"https:\/\/cespad.org.hn\/pje\/wp-json\/wp\/v2\/posts\/723\/revisions"}],"predecessor-version":[{"id":726,"href":"https:\/\/cespad.org.hn\/pje\/wp-json\/wp\/v2\/posts\/723\/revisions\/726"}],"wp:attachment":[{"href":"https:\/\/cespad.org.hn\/pje\/wp-json\/wp\/v2\/media?parent=723"}],"wp:term":[{"taxonomy":"category","embeddable":true,"href":"https:\/\/cespad.org.hn\/pje\/wp-json\/wp\/v2\/categories?post=723"},{"taxonomy":"post_tag","embeddable":true,"href":"https:\/\/cespad.org.hn\/pje\/wp-json\/wp\/v2\/tags?post=723"}],"curies":[{"name":"wp","href":"https:\/\/api.w.org\/{rel}","templated":true}]}}