{"id":727,"date":"2025-11-30T16:38:35","date_gmt":"2025-11-30T22:38:35","guid":{"rendered":"https:\/\/cespad.org.hn\/pje\/?p=727"},"modified":"2025-11-30T16:38:35","modified_gmt":"2025-11-30T22:38:35","slug":"comunicado-2-sobre-el-desarrollo-de-la-votacion","status":"publish","type":"post","link":"https:\/\/cespad.org.hn\/pje\/comunicado-2-sobre-el-desarrollo-de-la-votacion\/","title":{"rendered":"Comunicado #2: Sobre el desarrollo de la votaci\u00f3n"},"content":{"rendered":"<p>La misi\u00f3n de observaci\u00f3n electoral del CESPAD, implementada en alianza con Global Exchange y la Plataforma Juvenil Electoral, informa que, al momento de este corte, <strong>LA FASE DE VOTACI\u00d3N SE DESARROLLA CON NORMALIDAD EN LA MAYOR\u00cdA DE LAS JUNTAS RECEPTORAS DE VOTOS (JRV)<\/strong> observadas.<\/p>\n<p>Los equipos de observaci\u00f3n constatan que los procedimientos esenciales establecidos en el Instructivo del CNE se est\u00e1n aplicando conforme a lo previsto. En las JRV monitoreadas se observa:<\/p>\n<p>1.Durante las primeras horas de la jornada se observaron largas filas de electores en distintos centros de votaci\u00f3n, un comportamiento que refleja una alta participaci\u00f3n ciudadana. Seg\u00fan la informaci\u00f3n recopilada, en los puntos observados 60% las filas fueron visibles en alg\u00fan momento, mientras que solo 40% reportaron no haber tenido filas. En general, este flujo constante de electores se desarroll\u00f3 con orden y sin mayores afectaciones para el ingreso a los centros de votaci\u00f3n.<\/p>\n<p>2.En la gran mayor\u00eda de los centros observados se ha constatado el respeto al trato preferente para personas adultas mayores, embarazadas o con discapacidad. De los reportes recopilados el 84.09% indican que si se aplic\u00f3 este trato. Esta proporci\u00f3n muestra que, en la mayor parte de los puntos verificados las JRV ha estado permitiendo un trato oportuno para las personas con prioridad.<\/p>\n<p>3.En las JRV observadas, la verificaci\u00f3n de identidad se aplic\u00f3 de manera adecuada, combinando el cotejo del DNI, el uso del biom\u00e9trico y el registro de firma o huella. El biom\u00e9trico se utiliz\u00f3 siempre o casi siempre en JRV, mientras que el cotejo del DNI mostr\u00f3 un cumplimiento similar constante. Asimismo, en las JRV los electores firmaron o huellaron siempre tras haber votado. Las papeletas se firmaron y sellaron antes de su entrega en la gran mayor\u00eda de los casos, y el sello de voto se aplic\u00f3 de forma consistente.<\/p>\n<p>4.No obstante, persiste el incumplimiento del firmado de papeletas frente a los electores, nuestro equipo se sigue reportando que no se est\u00e1 cumpliendo esta etapa fundamental del procedimiento. Conforme al Instructivo del CNE, cada papeleta debe ser firmada y sellada por presidente y secretario en presencia del elector antes y despu\u00e9s de ser entregada. Esta medida garantiza la trazabilidad del material y previene irregularidades en el conteo posterior.<\/p>\n<p>5.En la mayor\u00eda de los centros observados se aplicaron medidas orientadas a resguardar la secretividad del voto, aunque con niveles de consistencia distintos seg\u00fan el tipo de control. Las cabinas de votaci\u00f3n fueron instaladas en lugares adecuados, alejadas de puertas, ventanas o zonas de tr\u00e1nsito, pero se reportaron 28 JRV que pod\u00edan comprometer la privacidad. En cuanto a la retenci\u00f3n temporal de tel\u00e9fonos u objetos electr\u00f3nicos, la aplicaci\u00f3n es m\u00e1s irregular, solo 10 JRV han cumplido, y el resto est\u00e1 mostrando un cumplimiento intermitente. Los datos reflejan que, aunque la configuraci\u00f3n f\u00edsica de las cabinas cumple mayoritariamente con los est\u00e1ndares de secretividad, la retenci\u00f3n de dispositivos electr\u00f3nicos contin\u00faa siendo la medida menos uniforme, requiriendo mayor atenci\u00f3n en los siguientes cortes.<\/p>\n<p>6. La aplicaci\u00f3n de la tinta indeleble se desarroll\u00f3 sin mayores resistencias por parte de la ciudadan\u00eda. En las JRV nunca se observ\u00f3 oposici\u00f3n. En cuanto al registro en el cuaderno de votaci\u00f3n, el comportamiento fue m\u00e1s variado. El sello de \u201cvot\u00f3\u201d, a cargo del secretario, se aplic\u00f3 siempre en JRV solo 6 no lo hicieron ocasionalmente. Este patr\u00f3n sugiere que, aunque la acreditaci\u00f3n del elector mediante firma o huella se mantiene con buen nivel de cumplimiento, el uso del sello de voto presenta una consistencia desigual entre las mesas observadas. En conjunto, los datos muestran que la tinta indeleble se aplic\u00f3 sin resistencia significativa, mientras que el sello en el cuaderno requiere mayor uniformidad en su puesta en pr\u00e1ctica.<\/p>\n<p>7. De acuerdo con los datos preliminares recopilados por la misi\u00f3n, las fallas del biom\u00e9trico por DNI no reconocido muestran un comportamiento que reflejan dos tendencias: lentitud del sistema y dificultades operativas para su uso. En varios centros, la ciudadan\u00eda expres\u00f3 malestar por la lentitud o interrupciones del sistema, afectando la fluidez de la fila. La normativa electoral es clara: el biom\u00e9trico no puede omitirse salvo autorizaci\u00f3n expresa del CNE, dado que garantiza:<\/p>\n<ul>\n<li>el control de identidad,<\/li>\n<li>la unicidad del voto,<\/li>\n<li>la prevenci\u00f3n de suplantaci\u00f3n,<\/li>\n<li>la integridad del registro en tiempo real.<\/li>\n<\/ul>\n<p>Ignorar su uso, sin autorizaci\u00f3n del CNE, debilita las garant\u00edas b\u00e1sicas de seguridad del proceso y contraviene el Instructivo del CNE en sus apartados sobre inicio de la jornada, verificaci\u00f3n del elector y habilitaci\u00f3n del sistema.<\/p>\n<p>A partir de los hallazgos en esta fase, recomendamos a las JRV:<\/p>\n<p>1.No omitir el uso del dispositivo biom\u00e9trico, salvo instrucci\u00f3n formal del CNE.<\/p>\n<p>2.Asegurarse de que presidente y secretario consulten el instructivo ante cualquier duda procedimental.<\/p>\n<p>3.Mantener el orden en las filas y explicar a la ciudadan\u00eda que la verificaci\u00f3n biom\u00e9trica es parte obligatoria del proceso.<\/p>\n<p>4.Registrar toda falla tecnol\u00f3gica en el cuaderno de incidencias, con hora, mesa y efecto en la votaci\u00f3n.<\/p>\n<p>En aquellos centros donde las fallas del biom\u00e9trico, retrasos de instalaci\u00f3n o problemas de conectividad hayan reducido de forma verificable el tiempo efectivo de votaci\u00f3n, recordamos que la Ley Electoral permite extender la jornada hasta por una hora cuando los retrasos son atribuibles a causas justificadas, y siempre que la JRV documente la situaci\u00f3n y lo apruebe conforme al procedimiento. Instamos al CNE y a las JRV a evaluar con responsabilidad cu\u00e1ndo corresponde aplicar esta medida, garantizando que nadie quede impedido de ejercer su derecho por causas no atribuibles a la ciudadan\u00eda.<\/p>\n<p>Pese a las incidencias descritas, la jornada avanza con una ciudadan\u00eda que contin\u00faa llegando a las JRV para ejercer su voto de manera ordenada y constante. La afluencia sostenida refleja un compromiso c\u00edvico significativo y contribuye al desarrollo normal del proceso electoral.<\/p>\n<p>La misi\u00f3n de observaci\u00f3n del CESPAD continuar\u00e1 actualizando esta informaci\u00f3n en los siguientes cortes, incorporando tanto la evoluci\u00f3n de los datos como las respuestas institucionales para asegurar que la votaci\u00f3n se realice en condiciones de legalidad, seguridad y transparencia.<\/p>\n<p style=\"text-align: center;\"><strong>Plataforma Juvenil Electoral <\/strong><\/p>\n<p style=\"text-align: center;\"><strong>30 de noviembre de 2025 a las 2:00 p.m<\/strong><\/p>\n<p style=\"text-align: center;\"><a href=\"https:\/\/cespad.org.hn\/pje\/wp-content\/uploads\/2025\/11\/PJE-Comunicado-2_SOBRE-DESARROLLO-DE-LA-VOTACION.pdf\">PJE &#8211; Comunicado 2_SOBRE DESARROLLO DE LA VOTACI\u00d3N<\/a><\/p>\n\n    <div class=\"xs_social_share_widget xs_share_url after_content \t\tmain_content  wslu-style-1 wslu-share-box-shaped wslu-fill-colored wslu-none wslu-share-horizontal wslu-theme-font-no wslu-main_content\">\n\n\t\t\n        <ul>\n\t\t\t        <\/ul>\n    <\/div> \n","protected":false},"excerpt":{"rendered":"<p>La misi\u00f3n de observaci\u00f3n electoral del CESPAD, implementada en alianza con Global Exchange y la Plataforma Juvenil Electoral, informa que, al momento de este corte, LA FASE DE VOTACI\u00d3N SE DESARROLLA CON NORMALIDAD EN LA MAYOR\u00cdA DE LAS JUNTAS RECEPTORAS DE VOTOS (JRV) observadas. Los equipos de observaci\u00f3n constatan que los procedimientos esenciales establecidos en [&hellip;]<\/p>\n","protected":false},"author":2,"featured_media":0,"comment_status":"closed","ping_status":"closed","sticky":false,"template":"","format":"standard","meta":{"_eb_attr":"","om_disable_all_campaigns":false,"postBodyCss":"","postBodyMargin":[],"postBodyPadding":[],"postBodyBackground":{"backgroundType":"classic","gradient":""},"footnotes":""},"categories":[23],"tags":[26,32,31,30],"class_list":["post-727","post","type-post","status-publish","format-standard","hentry","category-alertas","tag-cespad","tag-democracia","tag-elecciones","tag-honduras"],"yoast_head":"<!-- This site is optimized with the Yoast SEO plugin v27.2 - https:\/\/yoast.com\/product\/yoast-seo-wordpress\/ -->\n<title>Comunicado #2: Sobre el desarrollo de la votaci\u00f3n - PLATAFORMA JUVENIL ELECTORAL<\/title>\n<meta name=\"robots\" content=\"index, follow, max-snippet:-1, max-image-preview:large, max-video-preview:-1\" \/>\n<link rel=\"canonical\" href=\"https:\/\/cespad.org.hn\/pje\/comunicado-2-sobre-el-desarrollo-de-la-votacion\/\" \/>\n<meta property=\"og:locale\" content=\"es_ES\" \/>\n<meta property=\"og:type\" content=\"article\" \/>\n<meta property=\"og:title\" content=\"Comunicado #2: Sobre el desarrollo de la votaci\u00f3n - PLATAFORMA JUVENIL ELECTORAL\" \/>\n<meta property=\"og:description\" content=\"La misi\u00f3n de observaci\u00f3n electoral del CESPAD, implementada en alianza con Global Exchange y la Plataforma Juvenil Electoral, informa que, al momento de este corte, LA FASE DE VOTACI\u00d3N SE DESARROLLA CON NORMALIDAD EN LA MAYOR\u00cdA DE LAS JUNTAS RECEPTORAS DE VOTOS (JRV) observadas. Los equipos de observaci\u00f3n constatan que los procedimientos esenciales establecidos en [&hellip;]\" \/>\n<meta property=\"og:url\" content=\"https:\/\/cespad.org.hn\/pje\/comunicado-2-sobre-el-desarrollo-de-la-votacion\/\" \/>\n<meta property=\"og:site_name\" content=\"PLATAFORMA JUVENIL ELECTORAL\" \/>\n<meta property=\"article:publisher\" content=\"https:\/\/www.facebook.com\/plataformajuvenilelectoral\/\" \/>\n<meta property=\"article:published_time\" content=\"2025-11-30T22:38:35+00:00\" \/>\n<meta name=\"author\" content=\"Redacci\u00f3n\" \/>\n<meta name=\"twitter:card\" content=\"summary_large_image\" \/>\n<meta name=\"twitter:label1\" content=\"Escrito por\" \/>\n\t<meta name=\"twitter:data1\" content=\"Redacci\u00f3n\" \/>\n\t<meta name=\"twitter:label2\" content=\"Tiempo de lectura\" \/>\n\t<meta name=\"twitter:data2\" content=\"5 minutos\" \/>\n<script type=\"application\/ld+json\" class=\"yoast-schema-graph\">{\"@context\":\"https:\/\/schema.org\",\"@graph\":[{\"@type\":\"Article\",\"@id\":\"https:\/\/cespad.org.hn\/pje\/comunicado-2-sobre-el-desarrollo-de-la-votacion\/#article\",\"isPartOf\":{\"@id\":\"https:\/\/cespad.org.hn\/pje\/comunicado-2-sobre-el-desarrollo-de-la-votacion\/\"},\"author\":{\"name\":\"Redacci\u00f3n\",\"@id\":\"https:\/\/cespad.org.hn\/pje\/#\/schema\/person\/0e165bd773410a4bd855aef522883ce0\"},\"headline\":\"Comunicado #2: Sobre el desarrollo de la votaci\u00f3n\",\"datePublished\":\"2025-11-30T22:38:35+00:00\",\"mainEntityOfPage\":{\"@id\":\"https:\/\/cespad.org.hn\/pje\/comunicado-2-sobre-el-desarrollo-de-la-votacion\/\"},\"wordCount\":1077,\"publisher\":{\"@id\":\"https:\/\/cespad.org.hn\/pje\/#organization\"},\"keywords\":[\"CESPAD\",\"Democracia\",\"Elecciones\",\"Honduras\"],\"articleSection\":[\"Alertas\"],\"inLanguage\":\"es\"},{\"@type\":\"WebPage\",\"@id\":\"https:\/\/cespad.org.hn\/pje\/comunicado-2-sobre-el-desarrollo-de-la-votacion\/\",\"url\":\"https:\/\/cespad.org.hn\/pje\/comunicado-2-sobre-el-desarrollo-de-la-votacion\/\",\"name\":\"Comunicado #2: Sobre el desarrollo de la votaci\u00f3n - PLATAFORMA JUVENIL ELECTORAL\",\"isPartOf\":{\"@id\":\"https:\/\/cespad.org.hn\/pje\/#website\"},\"datePublished\":\"2025-11-30T22:38:35+00:00\",\"breadcrumb\":{\"@id\":\"https:\/\/cespad.org.hn\/pje\/comunicado-2-sobre-el-desarrollo-de-la-votacion\/#breadcrumb\"},\"inLanguage\":\"es\",\"potentialAction\":[{\"@type\":\"ReadAction\",\"target\":[\"https:\/\/cespad.org.hn\/pje\/comunicado-2-sobre-el-desarrollo-de-la-votacion\/\"]}]},{\"@type\":\"BreadcrumbList\",\"@id\":\"https:\/\/cespad.org.hn\/pje\/comunicado-2-sobre-el-desarrollo-de-la-votacion\/#breadcrumb\",\"itemListElement\":[{\"@type\":\"ListItem\",\"position\":1,\"name\":\"Portada\",\"item\":\"https:\/\/cespad.org.hn\/pje\/\"},{\"@type\":\"ListItem\",\"position\":2,\"name\":\"Comunicado #2: Sobre el desarrollo de la votaci\u00f3n\"}]},{\"@type\":\"WebSite\",\"@id\":\"https:\/\/cespad.org.hn\/pje\/#website\",\"url\":\"https:\/\/cespad.org.hn\/pje\/\",\"name\":\"PLATAFORMA JUVENIL ELECTORAL\",\"description\":\"\",\"publisher\":{\"@id\":\"https:\/\/cespad.org.hn\/pje\/#organization\"},\"potentialAction\":[{\"@type\":\"SearchAction\",\"target\":{\"@type\":\"EntryPoint\",\"urlTemplate\":\"https:\/\/cespad.org.hn\/pje\/?s={search_term_string}\"},\"query-input\":{\"@type\":\"PropertyValueSpecification\",\"valueRequired\":true,\"valueName\":\"search_term_string\"}}],\"inLanguage\":\"es\"},{\"@type\":\"Organization\",\"@id\":\"https:\/\/cespad.org.hn\/pje\/#organization\",\"name\":\"PLATAFORMA JUVENIL ELECTORAL\",\"url\":\"https:\/\/cespad.org.hn\/pje\/\",\"logo\":{\"@type\":\"ImageObject\",\"inLanguage\":\"es\",\"@id\":\"https:\/\/cespad.org.hn\/pje\/#\/schema\/logo\/image\/\",\"url\":\"https:\/\/cespad.org.hn\/pje\/wp-content\/uploads\/2025\/09\/cropped-cropped-cropped-WhatsApp-Image-2025-09-22-at-10.59.57-a.-m.jpeg\",\"contentUrl\":\"https:\/\/cespad.org.hn\/pje\/wp-content\/uploads\/2025\/09\/cropped-cropped-cropped-WhatsApp-Image-2025-09-22-at-10.59.57-a.-m.jpeg\",\"width\":768,\"height\":606,\"caption\":\"PLATAFORMA JUVENIL ELECTORAL\"},\"image\":{\"@id\":\"https:\/\/cespad.org.hn\/pje\/#\/schema\/logo\/image\/\"},\"sameAs\":[\"https:\/\/www.facebook.com\/plataformajuvenilelectoral\/\",\"https:\/\/www.tiktok.com\/@pjehonduras\"]},{\"@type\":\"Person\",\"@id\":\"https:\/\/cespad.org.hn\/pje\/#\/schema\/person\/0e165bd773410a4bd855aef522883ce0\",\"name\":\"Redacci\u00f3n\",\"image\":{\"@type\":\"ImageObject\",\"inLanguage\":\"es\",\"@id\":\"https:\/\/secure.gravatar.com\/avatar\/5ae1a85e561566ff1059660c34a8b23266709d2769383127e5057de8a29d6d32?s=96&d=mm&r=g\",\"url\":\"https:\/\/secure.gravatar.com\/avatar\/5ae1a85e561566ff1059660c34a8b23266709d2769383127e5057de8a29d6d32?s=96&d=mm&r=g\",\"contentUrl\":\"https:\/\/secure.gravatar.com\/avatar\/5ae1a85e561566ff1059660c34a8b23266709d2769383127e5057de8a29d6d32?s=96&d=mm&r=g\",\"caption\":\"Redacci\u00f3n\"},\"sameAs\":[\"http:\/\/cespad.org.hn\"],\"url\":\"https:\/\/cespad.org.hn\/pje\/author\/paula-servellon\/\"}]}<\/script>\n<!-- \/ Yoast SEO plugin. -->","yoast_head_json":{"title":"Comunicado #2: Sobre el desarrollo de la votaci\u00f3n - PLATAFORMA JUVENIL ELECTORAL","robots":{"index":"index","follow":"follow","max-snippet":"max-snippet:-1","max-image-preview":"max-image-preview:large","max-video-preview":"max-video-preview:-1"},"canonical":"https:\/\/cespad.org.hn\/pje\/comunicado-2-sobre-el-desarrollo-de-la-votacion\/","og_locale":"es_ES","og_type":"article","og_title":"Comunicado #2: Sobre el desarrollo de la votaci\u00f3n - PLATAFORMA JUVENIL ELECTORAL","og_description":"La misi\u00f3n de observaci\u00f3n electoral del CESPAD, implementada en alianza con Global Exchange y la Plataforma Juvenil Electoral, informa que, al momento de este corte, LA FASE DE VOTACI\u00d3N SE DESARROLLA CON NORMALIDAD EN LA MAYOR\u00cdA DE LAS JUNTAS RECEPTORAS DE VOTOS (JRV) observadas. Los equipos de observaci\u00f3n constatan que los procedimientos esenciales establecidos en [&hellip;]","og_url":"https:\/\/cespad.org.hn\/pje\/comunicado-2-sobre-el-desarrollo-de-la-votacion\/","og_site_name":"PLATAFORMA JUVENIL ELECTORAL","article_publisher":"https:\/\/www.facebook.com\/plataformajuvenilelectoral\/","article_published_time":"2025-11-30T22:38:35+00:00","author":"Redacci\u00f3n","twitter_card":"summary_large_image","twitter_misc":{"Escrito por":"Redacci\u00f3n","Tiempo de lectura":"5 minutos"},"schema":{"@context":"https:\/\/schema.org","@graph":[{"@type":"Article","@id":"https:\/\/cespad.org.hn\/pje\/comunicado-2-sobre-el-desarrollo-de-la-votacion\/#article","isPartOf":{"@id":"https:\/\/cespad.org.hn\/pje\/comunicado-2-sobre-el-desarrollo-de-la-votacion\/"},"author":{"name":"Redacci\u00f3n","@id":"https:\/\/cespad.org.hn\/pje\/#\/schema\/person\/0e165bd773410a4bd855aef522883ce0"},"headline":"Comunicado #2: Sobre el desarrollo de la votaci\u00f3n","datePublished":"2025-11-30T22:38:35+00:00","mainEntityOfPage":{"@id":"https:\/\/cespad.org.hn\/pje\/comunicado-2-sobre-el-desarrollo-de-la-votacion\/"},"wordCount":1077,"publisher":{"@id":"https:\/\/cespad.org.hn\/pje\/#organization"},"keywords":["CESPAD","Democracia","Elecciones","Honduras"],"articleSection":["Alertas"],"inLanguage":"es"},{"@type":"WebPage","@id":"https:\/\/cespad.org.hn\/pje\/comunicado-2-sobre-el-desarrollo-de-la-votacion\/","url":"https:\/\/cespad.org.hn\/pje\/comunicado-2-sobre-el-desarrollo-de-la-votacion\/","name":"Comunicado #2: Sobre el desarrollo de la votaci\u00f3n - PLATAFORMA JUVENIL ELECTORAL","isPartOf":{"@id":"https:\/\/cespad.org.hn\/pje\/#website"},"datePublished":"2025-11-30T22:38:35+00:00","breadcrumb":{"@id":"https:\/\/cespad.org.hn\/pje\/comunicado-2-sobre-el-desarrollo-de-la-votacion\/#breadcrumb"},"inLanguage":"es","potentialAction":[{"@type":"ReadAction","target":["https:\/\/cespad.org.hn\/pje\/comunicado-2-sobre-el-desarrollo-de-la-votacion\/"]}]},{"@type":"BreadcrumbList","@id":"https:\/\/cespad.org.hn\/pje\/comunicado-2-sobre-el-desarrollo-de-la-votacion\/#breadcrumb","itemListElement":[{"@type":"ListItem","position":1,"name":"Portada","item":"https:\/\/cespad.org.hn\/pje\/"},{"@type":"ListItem","position":2,"name":"Comunicado #2: Sobre el desarrollo de la votaci\u00f3n"}]},{"@type":"WebSite","@id":"https:\/\/cespad.org.hn\/pje\/#website","url":"https:\/\/cespad.org.hn\/pje\/","name":"PLATAFORMA JUVENIL ELECTORAL","description":"","publisher":{"@id":"https:\/\/cespad.org.hn\/pje\/#organization"},"potentialAction":[{"@type":"SearchAction","target":{"@type":"EntryPoint","urlTemplate":"https:\/\/cespad.org.hn\/pje\/?s={search_term_string}"},"query-input":{"@type":"PropertyValueSpecification","valueRequired":true,"valueName":"search_term_string"}}],"inLanguage":"es"},{"@type":"Organization","@id":"https:\/\/cespad.org.hn\/pje\/#organization","name":"PLATAFORMA JUVENIL ELECTORAL","url":"https:\/\/cespad.org.hn\/pje\/","logo":{"@type":"ImageObject","inLanguage":"es","@id":"https:\/\/cespad.org.hn\/pje\/#\/schema\/logo\/image\/","url":"https:\/\/cespad.org.hn\/pje\/wp-content\/uploads\/2025\/09\/cropped-cropped-cropped-WhatsApp-Image-2025-09-22-at-10.59.57-a.-m.jpeg","contentUrl":"https:\/\/cespad.org.hn\/pje\/wp-content\/uploads\/2025\/09\/cropped-cropped-cropped-WhatsApp-Image-2025-09-22-at-10.59.57-a.-m.jpeg","width":768,"height":606,"caption":"PLATAFORMA JUVENIL ELECTORAL"},"image":{"@id":"https:\/\/cespad.org.hn\/pje\/#\/schema\/logo\/image\/"},"sameAs":["https:\/\/www.facebook.com\/plataformajuvenilelectoral\/","https:\/\/www.tiktok.com\/@pjehonduras"]},{"@type":"Person","@id":"https:\/\/cespad.org.hn\/pje\/#\/schema\/person\/0e165bd773410a4bd855aef522883ce0","name":"Redacci\u00f3n","image":{"@type":"ImageObject","inLanguage":"es","@id":"https:\/\/secure.gravatar.com\/avatar\/5ae1a85e561566ff1059660c34a8b23266709d2769383127e5057de8a29d6d32?s=96&d=mm&r=g","url":"https:\/\/secure.gravatar.com\/avatar\/5ae1a85e561566ff1059660c34a8b23266709d2769383127e5057de8a29d6d32?s=96&d=mm&r=g","contentUrl":"https:\/\/secure.gravatar.com\/avatar\/5ae1a85e561566ff1059660c34a8b23266709d2769383127e5057de8a29d6d32?s=96&d=mm&r=g","caption":"Redacci\u00f3n"},"sameAs":["http:\/\/cespad.org.hn"],"url":"https:\/\/cespad.org.hn\/pje\/author\/paula-servellon\/"}]}},"_links":{"self":[{"href":"https:\/\/cespad.org.hn\/pje\/wp-json\/wp\/v2\/posts\/727","targetHints":{"allow":["GET"]}}],"collection":[{"href":"https:\/\/cespad.org.hn\/pje\/wp-json\/wp\/v2\/posts"}],"about":[{"href":"https:\/\/cespad.org.hn\/pje\/wp-json\/wp\/v2\/types\/post"}],"author":[{"embeddable":true,"href":"https:\/\/cespad.org.hn\/pje\/wp-json\/wp\/v2\/users\/2"}],"replies":[{"embeddable":true,"href":"https:\/\/cespad.org.hn\/pje\/wp-json\/wp\/v2\/comments?post=727"}],"version-history":[{"count":1,"href":"https:\/\/cespad.org.hn\/pje\/wp-json\/wp\/v2\/posts\/727\/revisions"}],"predecessor-version":[{"id":731,"href":"https:\/\/cespad.org.hn\/pje\/wp-json\/wp\/v2\/posts\/727\/revisions\/731"}],"wp:attachment":[{"href":"https:\/\/cespad.org.hn\/pje\/wp-json\/wp\/v2\/media?parent=727"}],"wp:term":[{"taxonomy":"category","embeddable":true,"href":"https:\/\/cespad.org.hn\/pje\/wp-json\/wp\/v2\/categories?post=727"},{"taxonomy":"post_tag","embeddable":true,"href":"https:\/\/cespad.org.hn\/pje\/wp-json\/wp\/v2\/tags?post=727"}],"curies":[{"name":"wp","href":"https:\/\/api.w.org\/{rel}","templated":true}]}}